{"id":67288,"date":"2020-09-22T11:51:35","date_gmt":"2020-09-22T14:51:35","guid":{"rendered":"https:\/\/www.actualidadadiario.com\/?p=67288"},"modified":"2020-09-28T16:17:30","modified_gmt":"2020-09-28T19:17:30","slug":"alberto-pronuncia-su-primer-mensaje-ante-la-asamblea-general-de-la-onu","status":"publish","type":"post","link":"https:\/\/www.actualidadadiario.com\/index.php\/2020\/09\/22\/alberto-pronuncia-su-primer-mensaje-ante-la-asamblea-general-de-la-onu\/","title":{"rendered":"Alberto pronuncia su primer mensaje ante la Asamblea General de la ONU"},"content":{"rendered":"<p style=\"text-align: center;\"><em><strong>El mandatario, quien por primera vez participar\u00e1 de una reuni\u00f3n de las Naciones Unidas desde que asumi\u00f3 al frente del Poder Ejecutivo, ser\u00e1 el d\u00e9cimo orador en la jornada inicial de deliberaciones, en las que adem\u00e1s se celebrar\u00e1 el 75 aniversario de la creaci\u00f3n del organismo internacional, aunque en esta oportunidad con una din\u00e1mica virtual in\u00e9dita debido a la pandemia del Covid-19<\/strong><\/em><\/p>\n<p>&nbsp;<\/p>\n<p>&nbsp;<\/p>\n<p>El presidente Alberto Fern\u00e1ndez pronunciar\u00e1 hoy un discurso ante la Asamblea General de las Naciones Unidas, que se realizar\u00e1 en forma virtual por el coronavirus, en el que reivindicar\u00e1 el di\u00e1logo y la cooperaci\u00f3n para superar la pandemia, resaltar\u00e1 la pr\u00e9dica del papa Francisco para recrear un multilateralismo basado en la solidaridad y destacar\u00e1 el acuerdo alcanzado por la Argentina por la deuda externa, seg\u00fan fuentes oficiales.<\/p>\n<p>Fern\u00e1ndez, quien por primera vez participar\u00e1 de una reuni\u00f3n de la ONU desde que asumi\u00f3 al frente del Poder Ejecutivo, ser\u00e1 el d\u00e9cimo orador en la jornada inicial de deliberaciones, en las que adem\u00e1s se celebrar\u00e1 el 75 aniversario de la creaci\u00f3n del organismo internacional, aunque en esta oportunidad con una din\u00e1mica virtual in\u00e9dita debido a la pandemia.<\/p>\n<p>Se estima que el mensaje del Presidente argentino ser\u00e1 difundido en la Sala de la Asamblea entre las 18 y las 19 (hora de la Argentina), debido al orden de los oradores, entre los que se encuentran los mandatarios de M\u00e9xico, Colombia, Uruguay y Per\u00fa, cuyos discursos tambi\u00e9n fueron enviados ya grabados, seg\u00fan se acord\u00f3, para ajustarse a las disposiciones de seguridad sanitarias sugeridas por la Organizaci\u00f3n Mundial de la Salud (OMS).<\/p>\n<p>&nbsp;<\/p>\n<p><strong>El mensaje del Presidente<\/strong><\/p>\n<p>Seg\u00fan adelantaron fuentes oficiales, en su mensaje de 15 minutos, Fern\u00e1ndez denunciar\u00e1 el endeudamiento externo &#8220;t\u00f3xico e irresponsable&#8221; de los pa\u00edses con &#8220;fines especulativos&#8221;; agradecer\u00e1 el apoyo de la comunidad internacional en la renegociaci\u00f3n de la deuda y adelantar\u00e1 que las conversaciones con el FMI se encarar\u00e1n &#8220;responsablemente&#8221;.<\/p>\n<p>Los voceros indicaron que en su mensaje Fern\u00e1ndez expresar\u00e1 su &#8220;esperanza&#8221; para que la solidaridad, el di\u00e1logo y la cooperaci\u00f3n entre naciones sea el camino para superar la pandemia que profundiz\u00f3 la pobreza, el hambre y la desigualdad en el mundo, al tiempo que resaltar\u00e1 la pr\u00e9dica del papa Francisco para recrear un multilateralismo basado en la solidaridad.<\/p>\n<p>Tambi\u00e9n agradecer\u00e1 el apoyo de la comunidad internacional para arribar a una soluci\u00f3n por la deuda externa y que las negociaciones con el FMI se encarar\u00e1n &#8220;de forma responsable&#8221; y &#8220;respetuosa&#8221; de los compromisos contra\u00eddos, pero evitando poner en riesgo las condiciones que permitan la reactivaci\u00f3n econ\u00f3mica y la construcci\u00f3n de un sendero de desarrollo inclusivo y sostenible en nuestro pa\u00eds.<\/p>\n<p>Las fuentes a\u00f1adieron que Fern\u00e1ndez tambi\u00e9n reafirmar\u00e1 en el discurso los leg\u00edtimos e imprescriptibles derechos de soberan\u00eda de la Rep\u00fablica Argentina sobre las Islas Malvinas, Georgias del Sur, Sandwich del Sur y los espacios mar\u00edtimos circundantes, los cuales forman parte integrante del territorio nacional argentino, y que est\u00e1n ocupados ilegalmente por el Reino Unido desde hace ya m\u00e1s de 187 a\u00f1os.<\/p>\n<p>&nbsp;<\/p>\n<p><strong>Una Asamblea virtual por primera vez en la historia<\/strong><\/p>\n<p>Este a\u00f1o, y por primera vez en los 75 a\u00f1os de actuaci\u00f3n, a partir de su creaci\u00f3n en 1945, la ONU debi\u00f3 cancelar la cita diplom\u00e1tica que se realiza anualmente el tercer martes del mes de setiembre en su sede en Nueva York, y sin la presencia f\u00edsica de los jefes de Estado y de Gobierno que integran el organismo, aunque concurrir\u00e1n sus delegados a la Sala de la Asamblea.<\/p>\n","protected":false},"excerpt":{"rendered":"<p>El mandatario, quien por primera vez participar\u00e1 de una reuni\u00f3n de las Naciones Unidas desde que asumi\u00f3 al frente del Poder Ejecutivo, ser\u00e1 el d\u00e9cimo orador en la jornada inicial de deliberaciones, en las que adem\u00e1s se celebrar\u00e1 el 75 aniversario de la creaci\u00f3n del organismo internacional, aunque en esta oportunidad con una din\u00e1mica virtual in\u00e9dita debido a la pandemia del Covid-19 &nbsp; &nbsp; El presidente Alberto Fern\u00e1ndez pronunciar\u00e1 hoy un discurso ante la Asamblea General de las Naciones Unidas, que se realizar\u00e1 en forma virtual por el coronavirus, en&#8230;<\/p>\n","protected":false},"author":3,"featured_media":67289,"comment_status":"closed","ping_status":"closed","sticky":false,"template":"","format":"standard","meta":[],"categories":[9],"tags":[],"_links":{"self":[{"href":"https:\/\/www.actualidadadiario.com\/index.php\/wp-json\/wp\/v2\/posts\/67288"}],"collection":[{"href":"https:\/\/www.actualidadadiario.com\/index.php\/wp-json\/wp\/v2\/posts"}],"about":[{"href":"https:\/\/www.actualidadadiario.com\/index.php\/wp-json\/wp\/v2\/types\/post"}],"author":[{"embeddable":true,"href":"https:\/\/www.actualidadadiario.com\/index.php\/wp-json\/wp\/v2\/users\/3"}],"replies":[{"embeddable":true,"href":"https:\/\/www.actualidadadiario.com\/index.php\/wp-json\/wp\/v2\/comments?post=67288"}],"version-history":[{"count":1,"href":"https:\/\/www.actualidadadiario.com\/index.php\/wp-json\/wp\/v2\/posts\/67288\/revisions"}],"predecessor-version":[{"id":67290,"href":"https:\/\/www.actualidadadiario.com\/index.php\/wp-json\/wp\/v2\/posts\/67288\/revisions\/67290"}],"wp:featuredmedia":[{"embeddable":true,"href":"https:\/\/www.actualidadadiario.com\/index.php\/wp-json\/wp\/v2\/media\/67289"}],"wp:attachment":[{"href":"https:\/\/www.actualidadadiario.com\/index.php\/wp-json\/wp\/v2\/media?parent=67288"}],"wp:term":[{"taxonomy":"category","embeddable":true,"href":"https:\/\/www.actualidadadiario.com\/index.php\/wp-json\/wp\/v2\/categories?post=67288"},{"taxonomy":"post_tag","embeddable":true,"href":"https:\/\/www.actualidadadiario.com\/index.php\/wp-json\/wp\/v2\/tags?post=67288"}],"curies":[{"name":"wp","href":"https:\/\/api.w.org\/{rel}","templated":true}]}}