{"id":67266,"date":"2020-09-22T11:41:10","date_gmt":"2020-09-22T14:41:10","guid":{"rendered":"https:\/\/www.actualidadadiario.com\/?p=67266"},"modified":"2020-09-28T16:17:38","modified_gmt":"2020-09-28T19:17:38","slug":"diputados-sesionaran-el-jueves","status":"publish","type":"post","link":"https:\/\/www.actualidadadiario.com\/index.php\/2020\/09\/22\/diputados-sesionaran-el-jueves\/","title":{"rendered":"Diputados sesionar\u00e1n el jueves"},"content":{"rendered":"<p style=\"text-align: center;\"><em><strong>Los diputados provinciales iban a sesionar este mi\u00e9rcoles a las 11, pero el anuncio del arribo del presidente Alberto Fern\u00e1ndez a Paran\u00e1 motiv\u00f3 que la sesi\u00f3n se realice el tercer d\u00eda de la convocatoria: es decir, el jueves a las 11, informaron fuentes legislativas<\/strong><\/em><\/p>\n<p>&nbsp;<\/p>\n<p>&nbsp;<\/p>\n<p>La C\u00e1mara de Diputados de la Provincia hab\u00eda realizado el llamado a convocatoria para la 10\u00ba sesi\u00f3n los d\u00edas fijados oportunamente en la preparatoria: martes a las 18, mi\u00e9rcoles a las 11 y jueves a las 11.<\/p>\n<p>Si bien las sesiones se vienen realizando los mi\u00e9rcoles (cada 15 d\u00edas) a las 11, la visita de Fern\u00e1ndez a la capital provincial modific\u00f3 la agenda de los legisladores entrerrianos.<\/p>\n<p>La sesi\u00f3n no se realizar\u00e1 este mi\u00e9rcoles, sino que tendr\u00e1 lugar el tercer d\u00eda\u00a0 de la convocatoria, es decir: jueves a las 11.<\/p>\n","protected":false},"excerpt":{"rendered":"<p>Los diputados provinciales iban a sesionar este mi\u00e9rcoles a las 11, pero el anuncio del arribo del presidente Alberto Fern\u00e1ndez a Paran\u00e1 motiv\u00f3 que la sesi\u00f3n se realice el tercer d\u00eda de la convocatoria: es decir, el jueves a las 11, informaron fuentes legislativas &nbsp; &nbsp; La C\u00e1mara de Diputados de la Provincia hab\u00eda realizado el llamado a convocatoria para la 10\u00ba sesi\u00f3n los d\u00edas fijados oportunamente en la preparatoria: martes a las 18, mi\u00e9rcoles a las 11 y jueves a las 11. Si bien las sesiones se vienen realizando&#8230;<\/p>\n","protected":false},"author":3,"featured_media":58140,"comment_status":"closed","ping_status":"closed","sticky":false,"template":"","format":"standard","meta":[],"categories":[15],"tags":[],"_links":{"self":[{"href":"https:\/\/www.actualidadadiario.com\/index.php\/wp-json\/wp\/v2\/posts\/67266"}],"collection":[{"href":"https:\/\/www.actualidadadiario.com\/index.php\/wp-json\/wp\/v2\/posts"}],"about":[{"href":"https:\/\/www.actualidadadiario.com\/index.php\/wp-json\/wp\/v2\/types\/post"}],"author":[{"embeddable":true,"href":"https:\/\/www.actualidadadiario.com\/index.php\/wp-json\/wp\/v2\/users\/3"}],"replies":[{"embeddable":true,"href":"https:\/\/www.actualidadadiario.com\/index.php\/wp-json\/wp\/v2\/comments?post=67266"}],"version-history":[{"count":1,"href":"https:\/\/www.actualidadadiario.com\/index.php\/wp-json\/wp\/v2\/posts\/67266\/revisions"}],"predecessor-version":[{"id":67267,"href":"https:\/\/www.actualidadadiario.com\/index.php\/wp-json\/wp\/v2\/posts\/67266\/revisions\/67267"}],"wp:featuredmedia":[{"embeddable":true,"href":"https:\/\/www.actualidadadiario.com\/index.php\/wp-json\/wp\/v2\/media\/58140"}],"wp:attachment":[{"href":"https:\/\/www.actualidadadiario.com\/index.php\/wp-json\/wp\/v2\/media?parent=67266"}],"wp:term":[{"taxonomy":"category","embeddable":true,"href":"https:\/\/www.actualidadadiario.com\/index.php\/wp-json\/wp\/v2\/categories?post=67266"},{"taxonomy":"post_tag","embeddable":true,"href":"https:\/\/www.actualidadadiario.com\/index.php\/wp-json\/wp\/v2\/tags?post=67266"}],"curies":[{"name":"wp","href":"https:\/\/api.w.org\/{rel}","templated":true}]}}