{"id":67264,"date":"2020-09-22T11:40:24","date_gmt":"2020-09-22T14:40:24","guid":{"rendered":"https:\/\/www.actualidadadiario.com\/?p=67264"},"modified":"2020-09-28T16:17:39","modified_gmt":"2020-09-28T19:17:39","slug":"el-presidente-estara-este-miercoles-en-la-provincia","status":"publish","type":"post","link":"https:\/\/www.actualidadadiario.com\/index.php\/2020\/09\/22\/el-presidente-estara-este-miercoles-en-la-provincia\/","title":{"rendered":"El presidente estar\u00e1 este miercoles en la provincia"},"content":{"rendered":"<p style=\"text-align: center;\"><em><strong>El presidente de la Naci\u00f3n, Alberto Fern\u00e1ndez, compartir\u00e1 con el gobernador Gustavo Bordet una agenda de trabajo en la provincia, este mi\u00e9rcoles. Los mandatarios recorrer\u00e1n obras p\u00fablicas y privadas, visitar\u00e1n empresas locales y firmar\u00e1n convenios para acciones conjuntas<\/strong><\/em><\/p>\n<p>&nbsp;<\/p>\n<p>&nbsp;<\/p>\n<p>En medio de los cuidados necesarios por la pandemia de Covid-19, el presidente Alberto Fern\u00e1ndez, junto a ministros y funcionarios del gobierno nacional, compartir\u00e1 una agenda de trabajo con el gobernador Gustavo Bordet y el gabinete provincial este mi\u00e9rcoles en Entre R\u00edos.<\/p>\n<p>Los mandatarios sobrevolar\u00e1n la obra de acceso Sur a la ciudad de Paran\u00e1 que demand\u00f3 una inversi\u00f3n conjunta de m\u00e1s de 600 millones de pesos. La obra que conecta la ciudad de Paran\u00e1, desde la intersecci\u00f3n de las avenidas Ram\u00edrez y De Las Am\u00e9ricas con Oro Verde, incluy\u00f3 la construcci\u00f3n seis carriles, seis rotondas, se\u00f1alizaci\u00f3n, ingreso al Centro M\u00e9dico Nuclear, una colectora, y d\u00e1rsenas de hormig\u00f3n para detenci\u00f3n del transporte urbano e interurbano.<\/p>\n<p>Luego, la comitiva oficial se dirigir\u00e1 hasta la localidad de Racedo para visitar la planta av\u00edcola del Grupo Motta. La empresa lleva adelante una inversi\u00f3n de m\u00e1s de 40 millones de d\u00f3lares que tiene por objetivo ampliar y modernizar las instalaciones de sus firmas, Calisa y Cobise, y multiplicar la capacidad productiva. Actualmente exporta sus productos a m\u00e1s de 20 pa\u00edses, y forma parte de una de las cadenas de valor m\u00e1s importantes de la provincia.<\/p>\n<p>La visita del primer mandatario a la provincia tambi\u00e9n prev\u00e9 la recorrida por la circunvalaci\u00f3n a la ciudad de Paran\u00e1, donde se llevar\u00e1 a cabo el acto de inicio de la obra de la doble v\u00eda del acceso este de la capital entrerriana por la ruta 12, con una inversi\u00f3n nacional de m\u00e1s de 20 millones de d\u00f3lares. Se trata de una obra clave para conectar la ciudad con el \u00e1rea metropolitana, en sinton\u00eda con la finalizaci\u00f3n de los accesos norte y sur. Aqu\u00ed tambi\u00e9n se contempla la construcci\u00f3n de puentes, colectoras y otras obras complementarias.<\/p>\n<p>Por \u00faltimo, el presidente Alberto Fern\u00e1ndez y el gobernador Gustavo Bordet visitar\u00e1n las instalaciones Laboratorios Federales Argentinos (Lafedar), en el parque industrial General Belgrano. Con un alto nivel de tecnolog\u00eda, la firma se dedica al desarrollo y la elaboraci\u00f3n de especialidades medicinales, y comercializa m\u00e1s de 600 productos a los mercados nacional e internacional. Adem\u00e1s, a inicios de la pandemia, y tras el acuerdo impulsado por el gobierno provincial, Lafedar se aboc\u00f3 a la producci\u00f3n de alcohol en gel y otros insumos para abastecer al Estado entrerriano en medio de la emergencia.<\/p>\n","protected":false},"excerpt":{"rendered":"<p>El presidente de la Naci\u00f3n, Alberto Fern\u00e1ndez, compartir\u00e1 con el gobernador Gustavo Bordet una agenda de trabajo en la provincia, este mi\u00e9rcoles. Los mandatarios recorrer\u00e1n obras p\u00fablicas y privadas, visitar\u00e1n empresas locales y firmar\u00e1n convenios para acciones conjuntas &nbsp; &nbsp; En medio de los cuidados necesarios por la pandemia de Covid-19, el presidente Alberto Fern\u00e1ndez, junto a ministros y funcionarios del gobierno nacional, compartir\u00e1 una agenda de trabajo con el gobernador Gustavo Bordet y el gabinete provincial este mi\u00e9rcoles en Entre R\u00edos. Los mandatarios sobrevolar\u00e1n la obra de acceso Sur&#8230;<\/p>\n","protected":false},"author":3,"featured_media":65112,"comment_status":"closed","ping_status":"closed","sticky":false,"template":"","format":"standard","meta":[],"categories":[9,15],"tags":[],"_links":{"self":[{"href":"https:\/\/www.actualidadadiario.com\/index.php\/wp-json\/wp\/v2\/posts\/67264"}],"collection":[{"href":"https:\/\/www.actualidadadiario.com\/index.php\/wp-json\/wp\/v2\/posts"}],"about":[{"href":"https:\/\/www.actualidadadiario.com\/index.php\/wp-json\/wp\/v2\/types\/post"}],"author":[{"embeddable":true,"href":"https:\/\/www.actualidadadiario.com\/index.php\/wp-json\/wp\/v2\/users\/3"}],"replies":[{"embeddable":true,"href":"https:\/\/www.actualidadadiario.com\/index.php\/wp-json\/wp\/v2\/comments?post=67264"}],"version-history":[{"count":1,"href":"https:\/\/www.actualidadadiario.com\/index.php\/wp-json\/wp\/v2\/posts\/67264\/revisions"}],"predecessor-version":[{"id":67265,"href":"https:\/\/www.actualidadadiario.com\/index.php\/wp-json\/wp\/v2\/posts\/67264\/revisions\/67265"}],"wp:featuredmedia":[{"embeddable":true,"href":"https:\/\/www.actualidadadiario.com\/index.php\/wp-json\/wp\/v2\/media\/65112"}],"wp:attachment":[{"href":"https:\/\/www.actualidadadiario.com\/index.php\/wp-json\/wp\/v2\/media?parent=67264"}],"wp:term":[{"taxonomy":"category","embeddable":true,"href":"https:\/\/www.actualidadadiario.com\/index.php\/wp-json\/wp\/v2\/categories?post=67264"},{"taxonomy":"post_tag","embeddable":true,"href":"https:\/\/www.actualidadadiario.com\/index.php\/wp-json\/wp\/v2\/tags?post=67264"}],"curies":[{"name":"wp","href":"https:\/\/api.w.org\/{rel}","templated":true}]}}