{"id":67231,"date":"2020-09-21T12:53:37","date_gmt":"2020-09-21T15:53:37","guid":{"rendered":"https:\/\/www.actualidadadiario.com\/?p=67231"},"modified":"2020-09-28T16:17:39","modified_gmt":"2020-09-28T19:17:39","slug":"inicia-la-discusion-en-el-senado-del-proyecto-que-busca-un-recorte-mas-profundo-de-fondos-a-la-ciudad","status":"publish","type":"post","link":"https:\/\/www.actualidadadiario.com\/index.php\/2020\/09\/21\/inicia-la-discusion-en-el-senado-del-proyecto-que-busca-un-recorte-mas-profundo-de-fondos-a-la-ciudad\/","title":{"rendered":"Inicia la discusi\u00f3n en el Senado del proyecto que busca un recorte m\u00e1s profundo de fondos a la Ciudad"},"content":{"rendered":"<p style=\"text-align: center;\"><em><strong>Esta nueva reducci\u00f3n se suma a la que dispuso por decreto Alberto Fern\u00e1ndez, la semana pasada, al transferir un punto de la coparticipaci\u00f3n para atender la protesta de la Polic\u00eda bonaerense<\/strong><\/em><\/p>\n<p>&nbsp;<\/p>\n<p>&nbsp;<\/p>\n<p>Las comisiones de Asuntos Constitucionales y de Presupuesto y Hacienda del Senado comenzar\u00e1n a tratar hoy el proyecto de ley del Poder Ejecutivo que apunta a reducir m\u00e1s la coparticipaci\u00f3n de la ciudad de Buenos Aires.<\/p>\n<p>Esta iniciativa ingres\u00f3 a la C\u00e1mara alta el pasado mi\u00e9rcoles por la noche y ser\u00e1 tratado a partir de este lunes a las 17:00.<\/p>\n<p>La bancada del Frente de Todos decidi\u00f3 avanzar r\u00e1pidamente con la discusi\u00f3n de un tema que agrega un nuevo foco de conflicto con Juntos por el Cambio, que gobierna la ciudad de Buenos Aires con Horacio Rodr\u00edguez Larreta a la cabeza.<\/p>\n<p>El proyecto apunta en lo formal a darle un cierre legal a la al traspaso de las funciones de seguridad -con los fondos correspondientes- de la Naci\u00f3n a la Ciudad iniciada en 2016, con la fusi\u00f3n de parte de la Polic\u00eda Federal con la fuerza local, pero incluye un recorte de recursos al distrito porte\u00f1o.<\/p>\n<p>La iniciativa, que establece un monto fijo de 24.500 millones de pesos para que la Ciudad financie los gastos por el traspaso de funciones, implica bajar al 1,4% la coparticipaci\u00f3n de la ciudad de Buenos Aires.<\/p>\n","protected":false},"excerpt":{"rendered":"<p>Esta nueva reducci\u00f3n se suma a la que dispuso por decreto Alberto Fern\u00e1ndez, la semana pasada, al transferir un punto de la coparticipaci\u00f3n para atender la protesta de la Polic\u00eda bonaerense &nbsp; &nbsp; Las comisiones de Asuntos Constitucionales y de Presupuesto y Hacienda del Senado comenzar\u00e1n a tratar hoy el proyecto de ley del Poder Ejecutivo que apunta a reducir m\u00e1s la coparticipaci\u00f3n de la ciudad de Buenos Aires. Esta iniciativa ingres\u00f3 a la C\u00e1mara alta el pasado mi\u00e9rcoles por la noche y ser\u00e1 tratado a partir de este lunes&#8230;<\/p>\n","protected":false},"author":3,"featured_media":65551,"comment_status":"closed","ping_status":"closed","sticky":false,"template":"","format":"standard","meta":[],"categories":[18],"tags":[],"_links":{"self":[{"href":"https:\/\/www.actualidadadiario.com\/index.php\/wp-json\/wp\/v2\/posts\/67231"}],"collection":[{"href":"https:\/\/www.actualidadadiario.com\/index.php\/wp-json\/wp\/v2\/posts"}],"about":[{"href":"https:\/\/www.actualidadadiario.com\/index.php\/wp-json\/wp\/v2\/types\/post"}],"author":[{"embeddable":true,"href":"https:\/\/www.actualidadadiario.com\/index.php\/wp-json\/wp\/v2\/users\/3"}],"replies":[{"embeddable":true,"href":"https:\/\/www.actualidadadiario.com\/index.php\/wp-json\/wp\/v2\/comments?post=67231"}],"version-history":[{"count":1,"href":"https:\/\/www.actualidadadiario.com\/index.php\/wp-json\/wp\/v2\/posts\/67231\/revisions"}],"predecessor-version":[{"id":67232,"href":"https:\/\/www.actualidadadiario.com\/index.php\/wp-json\/wp\/v2\/posts\/67231\/revisions\/67232"}],"wp:featuredmedia":[{"embeddable":true,"href":"https:\/\/www.actualidadadiario.com\/index.php\/wp-json\/wp\/v2\/media\/65551"}],"wp:attachment":[{"href":"https:\/\/www.actualidadadiario.com\/index.php\/wp-json\/wp\/v2\/media?parent=67231"}],"wp:term":[{"taxonomy":"category","embeddable":true,"href":"https:\/\/www.actualidadadiario.com\/index.php\/wp-json\/wp\/v2\/categories?post=67231"},{"taxonomy":"post_tag","embeddable":true,"href":"https:\/\/www.actualidadadiario.com\/index.php\/wp-json\/wp\/v2\/tags?post=67231"}],"curies":[{"name":"wp","href":"https:\/\/api.w.org\/{rel}","templated":true}]}}