{"id":67229,"date":"2020-09-21T12:52:54","date_gmt":"2020-09-21T15:52:54","guid":{"rendered":"https:\/\/www.actualidadadiario.com\/?p=67229"},"modified":"2020-09-28T16:17:39","modified_gmt":"2020-09-28T19:17:39","slug":"alberto-fernandez-presenta-el-plan-de-politicas-ambientales","status":"publish","type":"post","link":"https:\/\/www.actualidadadiario.com\/index.php\/2020\/09\/21\/alberto-fernandez-presenta-el-plan-de-politicas-ambientales\/","title":{"rendered":"Alberto Fern\u00e1ndez presenta el Plan de Pol\u00edticas Ambientales"},"content":{"rendered":"<p style=\"text-align: center;\"><em><strong>El Jefe de Estado encabezar\u00e1 la actividad junto al ministro de Ambiente y Desarrollo Sostenible, Juan Cabandi\u00e9, desde el mediod\u00eda<\/strong><\/em><\/p>\n<p>&nbsp;<\/p>\n<p>&nbsp;<\/p>\n<p>El presidente Alberto Fern\u00e1ndez encabezar\u00e1 hoy en Olivos la presentaci\u00f3n del Plan de Pol\u00edticas Ambientales junto al ministro de Ambiente y Desarrollo Sostenible, Juan Cabandi\u00e9.<\/p>\n<p>El acto se realizar\u00e1 a las 11:30 en la residencia de Olivos y tambi\u00e9n participar\u00e1n el jefe de Gabinete, Santiago Cafiero, informaron fuentes oficiales.<\/p>\n<p>Durante el acto, se anunciar\u00e1 la puesta en marcha del Plan Federal de Erradicaci\u00f3n de Basurales a Cielo Abierto; el Proyecto de Ley de Educaci\u00f3n Ambiental, en conjunto con el Ministerio de Educaci\u00f3n; y la implementaci\u00f3n del plan Casa Com\u00fan.<\/p>\n<p>Tambi\u00e9n se presentar\u00e1 el traspaso del Programa Nacional de Prevenci\u00f3n de Incendios y Manejo del Fuego al \u00e1rea del Ministerio de Ambiente y Desarrollo Sostenible.<\/p>\n<p>A trav\u00e9s de este paquete de medidas el gobierno nacional busca implementar una pol\u00edtica de Estado integral para construir un modelo sostenible, de consumo responsable y de cuidado del ambiente.<\/p>\n","protected":false},"excerpt":{"rendered":"<p>El Jefe de Estado encabezar\u00e1 la actividad junto al ministro de Ambiente y Desarrollo Sostenible, Juan Cabandi\u00e9, desde el mediod\u00eda &nbsp; &nbsp; El presidente Alberto Fern\u00e1ndez encabezar\u00e1 hoy en Olivos la presentaci\u00f3n del Plan de Pol\u00edticas Ambientales junto al ministro de Ambiente y Desarrollo Sostenible, Juan Cabandi\u00e9. El acto se realizar\u00e1 a las 11:30 en la residencia de Olivos y tambi\u00e9n participar\u00e1n el jefe de Gabinete, Santiago Cafiero, informaron fuentes oficiales. Durante el acto, se anunciar\u00e1 la puesta en marcha del Plan Federal de Erradicaci\u00f3n de Basurales a Cielo Abierto;&#8230;<\/p>\n","protected":false},"author":3,"featured_media":66448,"comment_status":"closed","ping_status":"closed","sticky":false,"template":"","format":"standard","meta":[],"categories":[18],"tags":[],"_links":{"self":[{"href":"https:\/\/www.actualidadadiario.com\/index.php\/wp-json\/wp\/v2\/posts\/67229"}],"collection":[{"href":"https:\/\/www.actualidadadiario.com\/index.php\/wp-json\/wp\/v2\/posts"}],"about":[{"href":"https:\/\/www.actualidadadiario.com\/index.php\/wp-json\/wp\/v2\/types\/post"}],"author":[{"embeddable":true,"href":"https:\/\/www.actualidadadiario.com\/index.php\/wp-json\/wp\/v2\/users\/3"}],"replies":[{"embeddable":true,"href":"https:\/\/www.actualidadadiario.com\/index.php\/wp-json\/wp\/v2\/comments?post=67229"}],"version-history":[{"count":1,"href":"https:\/\/www.actualidadadiario.com\/index.php\/wp-json\/wp\/v2\/posts\/67229\/revisions"}],"predecessor-version":[{"id":67230,"href":"https:\/\/www.actualidadadiario.com\/index.php\/wp-json\/wp\/v2\/posts\/67229\/revisions\/67230"}],"wp:featuredmedia":[{"embeddable":true,"href":"https:\/\/www.actualidadadiario.com\/index.php\/wp-json\/wp\/v2\/media\/66448"}],"wp:attachment":[{"href":"https:\/\/www.actualidadadiario.com\/index.php\/wp-json\/wp\/v2\/media?parent=67229"}],"wp:term":[{"taxonomy":"category","embeddable":true,"href":"https:\/\/www.actualidadadiario.com\/index.php\/wp-json\/wp\/v2\/categories?post=67229"},{"taxonomy":"post_tag","embeddable":true,"href":"https:\/\/www.actualidadadiario.com\/index.php\/wp-json\/wp\/v2\/tags?post=67229"}],"curies":[{"name":"wp","href":"https:\/\/api.w.org\/{rel}","templated":true}]}}