{"id":67226,"date":"2020-09-21T12:52:15","date_gmt":"2020-09-21T15:52:15","guid":{"rendered":"https:\/\/www.actualidadadiario.com\/?p=67226"},"modified":"2020-09-28T16:17:39","modified_gmt":"2020-09-28T19:17:39","slug":"arroyo-las-condiciones-fiscales-no-dan-como-para-tener-un-ingreso-universal-ciudadano","status":"publish","type":"post","link":"https:\/\/www.actualidadadiario.com\/index.php\/2020\/09\/21\/arroyo-las-condiciones-fiscales-no-dan-como-para-tener-un-ingreso-universal-ciudadano\/","title":{"rendered":"Arroyo: &#8220;Las condiciones fiscales no dan&#8221; como para tener un ingreso universal ciudadano"},"content":{"rendered":"<p style=\"text-align: center;\"><em><strong>El ministro de Desarrollo Social asegur\u00f3 que &#8220;la Argentina necesita un ingreso universal ciudadano&#8221; y, aunque dio por hecho que con el tiempo se ir\u00e1 en esa direcci\u00f3n, indic\u00f3 que las condiciones fiscales no est\u00e1n dadas para concretar esa iniciativa<\/strong><\/em><\/p>\n<p>&nbsp;<\/p>\n<p>&nbsp;<\/p>\n<p>El ministro de Desarrollo Social, Daniel Arroyo, asegur\u00f3 hoy que &#8220;la Argentina necesita un ingreso universal ciudadano&#8221; y, aunque dio por hecho que con el tiempo se ir\u00e1 en esa direcci\u00f3n, indic\u00f3 que las condiciones fiscales no est\u00e1n dadas para concretar esa iniciativa.<\/p>\n<p>&#8220;Hoy las condiciones fiscales no dan, pero hist\u00f3ricamente la Argentina ha sido pionera en Am\u00e9rica Latina de encarar nuevos derechos, y no dudo que, con el tiempo, vamos a ir en la direcci\u00f3n de un Ingreso Universal de Base porque la Argentina necesita un ingreso universal ciudadano, una renta b\u00e1sica universal&#8221;, dijo Arroyo hoy en di\u00e1logo con AM750.<\/p>\n<p>En tanto, y continuando con los planes de asistencia a los diferentes segmentos ante el contexto de crisis generado por la pandemia en el pa\u00eds y en el mundo, el Ministerio de Desarrollo Social de la Naci\u00f3n lanza hoy el Plan Potenciar Joven, indic\u00f3 Arroyo.<\/p>\n<p>Seg\u00fan explic\u00f3, se trata de un programa de reparto de kits de trabajo para que j\u00f3venes de entre 18 y 29 a\u00f1os puedan acceder a herramientas para comenzar un emprendimiento.<\/p>\n<p>Para ello, se recuperaron herramientas que quedaron en la Aduana y se armaron kits para diferentes oficios, entre los que Arroyo mencion\u00f3 &#8220;peluquer\u00eda, gastronom\u00eda, herrer\u00eda y textil&#8221;.<\/p>\n<p>&#8220;Convocamos a j\u00f3venes de 18 a 29 a\u00f1os que llenan un formulario, acreditan que tengan que ver con alguno de los rubros, y un jurado eval\u00faa la entrega de dichas herramientas&#8221;, indic\u00f3 el ministro.<\/p>\n<p>&#8220;La salida tiene tres ejes: el plan Potenciar Trabajo; un ingreso de base para trabajar o capacitarse en oficios y completar el secundario, y la urbanizaci\u00f3n de los barrios, que no solo representa acceso a los servicios b\u00e1sicos, sino derecho al h\u00e1bitat y plan de empleo&#8221;, dijo el ministro respecto al panorama general.<\/p>\n<p>Por eso, &#8220;el ingreso de base es importante para la gente que se qued\u00f3 sin trabajo&#8221;, dijo y agreg\u00f3 que &#8220;cuando uno habla de changas habla de 6 millones de personas&#8221;.<\/p>\n<p>Mencion\u00f3 adem\u00e1s que al Registro Nacional de Trabajadores de la Econom\u00eda Popular (Renatep) &#8220;se anotaron 800 mil personas&#8221;, lo que &#8220;marca la cantidad de gente que necesita m\u00e1quinas y herramientas para trabajar&#8221;.<\/p>\n<p>Arroyo asumi\u00f3 que, debido a la pandemia, &#8220;est\u00e1 aumentando la pobreza&#8221; y que el Estado est\u00e1 haciendo &#8220;un esfuerzo&#8221; para paliar esa situaci\u00f3n que calific\u00f3 de &#8220;dolorosa&#8221;.<\/p>\n<p>Habl\u00f3 tambi\u00e9n del &#8220;aumento de los precios de los alimentos en los barrios y al sobreendeudamiento de las familias&#8221; como factores que tambi\u00e9n inciden en este empobrecimiento.<\/p>\n<p>Arroyo asumi\u00f3 que, en este contexto, los datos que informe el Indec el 30 de septiembre &#8220;sin dudas van a marcar un aumento en de pobreza y desocupaci\u00f3n&#8221;, que ya era alta al inicio de la pandemia.<\/p>\n","protected":false},"excerpt":{"rendered":"<p>El ministro de Desarrollo Social asegur\u00f3 que &#8220;la Argentina necesita un ingreso universal ciudadano&#8221; y, aunque dio por hecho que con el tiempo se ir\u00e1 en esa direcci\u00f3n, indic\u00f3 que las condiciones fiscales no est\u00e1n dadas para concretar esa iniciativa &nbsp; &nbsp; El ministro de Desarrollo Social, Daniel Arroyo, asegur\u00f3 hoy que &#8220;la Argentina necesita un ingreso universal ciudadano&#8221; y, aunque dio por hecho que con el tiempo se ir\u00e1 en esa direcci\u00f3n, indic\u00f3 que las condiciones fiscales no est\u00e1n dadas para concretar esa iniciativa. &#8220;Hoy las condiciones fiscales no&#8230;<\/p>\n","protected":false},"author":3,"featured_media":67227,"comment_status":"closed","ping_status":"closed","sticky":false,"template":"","format":"standard","meta":[],"categories":[18],"tags":[],"_links":{"self":[{"href":"https:\/\/www.actualidadadiario.com\/index.php\/wp-json\/wp\/v2\/posts\/67226"}],"collection":[{"href":"https:\/\/www.actualidadadiario.com\/index.php\/wp-json\/wp\/v2\/posts"}],"about":[{"href":"https:\/\/www.actualidadadiario.com\/index.php\/wp-json\/wp\/v2\/types\/post"}],"author":[{"embeddable":true,"href":"https:\/\/www.actualidadadiario.com\/index.php\/wp-json\/wp\/v2\/users\/3"}],"replies":[{"embeddable":true,"href":"https:\/\/www.actualidadadiario.com\/index.php\/wp-json\/wp\/v2\/comments?post=67226"}],"version-history":[{"count":1,"href":"https:\/\/www.actualidadadiario.com\/index.php\/wp-json\/wp\/v2\/posts\/67226\/revisions"}],"predecessor-version":[{"id":67228,"href":"https:\/\/www.actualidadadiario.com\/index.php\/wp-json\/wp\/v2\/posts\/67226\/revisions\/67228"}],"wp:featuredmedia":[{"embeddable":true,"href":"https:\/\/www.actualidadadiario.com\/index.php\/wp-json\/wp\/v2\/media\/67227"}],"wp:attachment":[{"href":"https:\/\/www.actualidadadiario.com\/index.php\/wp-json\/wp\/v2\/media?parent=67226"}],"wp:term":[{"taxonomy":"category","embeddable":true,"href":"https:\/\/www.actualidadadiario.com\/index.php\/wp-json\/wp\/v2\/categories?post=67226"},{"taxonomy":"post_tag","embeddable":true,"href":"https:\/\/www.actualidadadiario.com\/index.php\/wp-json\/wp\/v2\/tags?post=67226"}],"curies":[{"name":"wp","href":"https:\/\/api.w.org\/{rel}","templated":true}]}}