{"id":67223,"date":"2020-09-21T12:50:54","date_gmt":"2020-09-21T15:50:54","guid":{"rendered":"https:\/\/www.actualidadadiario.com\/?p=67223"},"modified":"2020-09-28T16:17:48","modified_gmt":"2020-09-28T19:17:48","slug":"ife-gobierno-y-anses-definen-si-vuelven-a-pagar-en-octubre","status":"publish","type":"post","link":"https:\/\/www.actualidadadiario.com\/index.php\/2020\/09\/21\/ife-gobierno-y-anses-definen-si-vuelven-a-pagar-en-octubre\/","title":{"rendered":"IFE: Gobierno y ANSES definen si vuelven a pagar en octubre"},"content":{"rendered":"<p style=\"text-align: center;\"><em><strong>La titular de la ANSES, Fernanda Raverta, asegur\u00f3 que &#8220;antes de fin de mes se va anunciar c\u00f3mo sigue el IFE porque en octubre habr\u00eda que empezar a pagarlo de nuevo&#8221;<\/strong><\/em><\/p>\n<p>&nbsp;<\/p>\n<p>La nueva etapa del programa de Ingreso Familiar de Emergencia (IFE) se definir\u00e1 &#8220;antes de fin de mes&#8221;, confirm\u00f3 la titular de la Anses, Fernanda Raverta, que sostuvo que se est\u00e1 evaluando &#8220;si existe un cuarto pago o se avanza en otra pol\u00edticas social de acompa\u00f1amiento con otras perspectivas&#8221;.<\/p>\n<p>A d\u00edas de que concluya el pago de la tercera ronda del IFE, la posibilidad de que futuros pagos de la ayuda de $10.000 se circunscriban a un universo de j\u00f3venes de entre 18 a 24 a\u00f1os es una de las opciones pero, por ahora, no est\u00e1 definido ya que la decisi\u00f3n del Gobierno es &#8220;no abandonar&#8221; a ning\u00fan argentino en medio de la pandemia.<\/p>\n<p>&#8220;Antes de fin de mes se va anunciar c\u00f3mo sigue el IFE porque en octubre habr\u00eda que empezar a pagarlo de nuevo&#8221;, dijo Raverta en una entrevista con T\u00e9lam.<\/p>\n<p>&#8220;Se est\u00e1 pensando dentro del Gabinete Econ\u00f3mico en c\u00f3mo avanza la pandemia y en ver el impacto de los tres IFEs en las familias y en la econom\u00eda. Estamos evaluando si existe un cuarto pago del IFE o vamos a construir otras pol\u00edticas sociales de acompa\u00f1amiento con otras perspectivas&#8221;, asegur\u00f3 la titular de Anses.<\/p>\n<p>En ese sentido, sostuvo que &#8220;el Gobierno piensa en la producci\u00f3n, el trabajo y el empleo como motor de la econom\u00eda y quiere poner toda la energ\u00eda y los recursos en generar m\u00e1s trabajo al acompa\u00f1ar procesos productivos&#8221;.<\/p>\n<p>Sin embargo, asegur\u00f3 que, mientras se conviva con la pandemia, &#8220;tenemos que ver c\u00f3mo hacer para no abandonar a ning\u00fan argentino o argentina&#8221;.<\/p>\n<p>&#8220;La pandemia va ofreciendo una realidad distinta para analizar la realidad. Por eso no podemos decir ni cu\u00e1ntos IFE va a haber ni c\u00f3mo van a ser. Lo que hacemos todo el tiempo es revisar en funci\u00f3n de la salud y la situaci\u00f3n econ\u00f3mica y a partir de ah\u00ed tomar las decisiones&#8221;, afirm\u00f3.<\/p>\n<p>Y agreg\u00f3: &#8220;Todo se piensa en base a la pandemia. Est\u00e1n todas las opciones sobre la mesa&#8221;.<\/p>\n<p>Por otra parte, se\u00f1al\u00f3 que el Gobierno trabaja en &#8220;todos los temas que hacen al sistema previsional y a la seguridad social y en pensar garant\u00edas b\u00e1sicas de desarrollo vital de los argentinos y argentinas&#8221;.<\/p>\n<p>Al respecto, record\u00f3 que hoy la Anses asiste a trav\u00e9s de la asignaci\u00f3n universal y familiar a la franja de los tres meses de gestaci\u00f3n a los 18 a\u00f1os y, con jubilaciones y pensiones a las personas en edad de jubilar.<\/p>\n<p>&#8220;Tenemos que ir pensando en otras poblaciones que, con una asistencia del estado, podr\u00edan desarrollar sus capacidades y potencialidades, como los chicos de 18 a 24 a\u00f1os que estudian en la Argentina&#8221;, asegur\u00f3 la titular de Anses.<\/p>\n","protected":false},"excerpt":{"rendered":"<p>La titular de la ANSES, Fernanda Raverta, asegur\u00f3 que &#8220;antes de fin de mes se va anunciar c\u00f3mo sigue el IFE porque en octubre habr\u00eda que empezar a pagarlo de nuevo&#8221; &nbsp; La nueva etapa del programa de Ingreso Familiar de Emergencia (IFE) se definir\u00e1 &#8220;antes de fin de mes&#8221;, confirm\u00f3 la titular de la Anses, Fernanda Raverta, que sostuvo que se est\u00e1 evaluando &#8220;si existe un cuarto pago o se avanza en otra pol\u00edticas social de acompa\u00f1amiento con otras perspectivas&#8221;. A d\u00edas de que concluya el pago de la&#8230;<\/p>\n","protected":false},"author":3,"featured_media":67224,"comment_status":"closed","ping_status":"closed","sticky":false,"template":"","format":"standard","meta":[],"categories":[18],"tags":[],"_links":{"self":[{"href":"https:\/\/www.actualidadadiario.com\/index.php\/wp-json\/wp\/v2\/posts\/67223"}],"collection":[{"href":"https:\/\/www.actualidadadiario.com\/index.php\/wp-json\/wp\/v2\/posts"}],"about":[{"href":"https:\/\/www.actualidadadiario.com\/index.php\/wp-json\/wp\/v2\/types\/post"}],"author":[{"embeddable":true,"href":"https:\/\/www.actualidadadiario.com\/index.php\/wp-json\/wp\/v2\/users\/3"}],"replies":[{"embeddable":true,"href":"https:\/\/www.actualidadadiario.com\/index.php\/wp-json\/wp\/v2\/comments?post=67223"}],"version-history":[{"count":1,"href":"https:\/\/www.actualidadadiario.com\/index.php\/wp-json\/wp\/v2\/posts\/67223\/revisions"}],"predecessor-version":[{"id":67225,"href":"https:\/\/www.actualidadadiario.com\/index.php\/wp-json\/wp\/v2\/posts\/67223\/revisions\/67225"}],"wp:featuredmedia":[{"embeddable":true,"href":"https:\/\/www.actualidadadiario.com\/index.php\/wp-json\/wp\/v2\/media\/67224"}],"wp:attachment":[{"href":"https:\/\/www.actualidadadiario.com\/index.php\/wp-json\/wp\/v2\/media?parent=67223"}],"wp:term":[{"taxonomy":"category","embeddable":true,"href":"https:\/\/www.actualidadadiario.com\/index.php\/wp-json\/wp\/v2\/categories?post=67223"},{"taxonomy":"post_tag","embeddable":true,"href":"https:\/\/www.actualidadadiario.com\/index.php\/wp-json\/wp\/v2\/tags?post=67223"}],"curies":[{"name":"wp","href":"https:\/\/api.w.org\/{rel}","templated":true}]}}