{"id":67220,"date":"2020-09-21T12:50:09","date_gmt":"2020-09-21T15:50:09","guid":{"rendered":"https:\/\/www.actualidadadiario.com\/?p=67220"},"modified":"2020-09-28T16:17:48","modified_gmt":"2020-09-28T19:17:48","slug":"guzman-aseguro-que-el-presupuesto-tranquilizara-a-la-economia","status":"publish","type":"post","link":"https:\/\/www.actualidadadiario.com\/index.php\/2020\/09\/21\/guzman-aseguro-que-el-presupuesto-tranquilizara-a-la-economia\/","title":{"rendered":"Guzm\u00e1n asegur\u00f3 que el Presupuesto tranquilizar\u00e1 a la econom\u00eda"},"content":{"rendered":"<p style=\"text-align: center;\"><em><strong>El ministro, que ir\u00e1 el martes al Congreso, dijo que el proyecto &#8220;apunta a un horizonte de estabilidad y crecimiento&#8221;<\/strong><\/em><\/p>\n<p>&nbsp;<\/p>\n<p>&nbsp;<\/p>\n<p>El ministro de Econom\u00eda, Mart\u00edn Guzm\u00e1n, afirm\u00f3 este domingo que el Presupuesto 2021 tiene como objetivo central la recuperaci\u00f3n econ\u00f3mica y &#8220;constituye un paso fundamental en el camino de tranquilizar nuestra econom\u00eda&#8221;.<\/p>\n<p>A trav\u00e9s de su cuenta Twitter, Guzm\u00e1n expres\u00f3 que la iniciativa &#8220;tiene como base dos principios. El primero es que no hay estabilizaci\u00f3n posible sin recuperaci\u00f3n de la actividad econ\u00f3mica. Y ello requiere de un Estado que impulse la demanda y vaya de la mano con el sector privado en el camino de la reconstrucci\u00f3n productiva con generaci\u00f3n de trabajo y agregaci\u00f3n de valor&#8221;.<\/p>\n<p>&#8220;El segundo es la sostenibilidad fiscal como condici\u00f3n necesaria para una econom\u00eda estable. Paso a paso debemos construir una econom\u00eda ordenada, donde la sostenibilidad de la deuda est\u00e9 garantizada y el fisco deje de depender estructuralmente del financiamiento del Banco Central&#8221;, dijo el ministro, que ir\u00e1 el martes a explicar el proyecto al Congreso.<\/p>\n<p>M\u00e1s adelante, el jefe del Palacio de Hacienda expres\u00f3 que &#8220;las proyecciones de las que partimos como gu\u00eda para la pol\u00edtica econ\u00f3mica son prudentes. El contexto nos exige extremar la sensatez. Necesitamos pol\u00edticas para transformar la realidad partiendo de la base de la cautela y responsabilidad, y no de ilusiones de dudosos fundamentos&#8221;.<\/p>\n<p>El responsable de la cartera econ\u00f3mica acompa\u00f1\u00f3 sus manifestaciones con un gr\u00e1fico donde destaca la reducci\u00f3n del pago de los intereses de la deuda, tras la reestructuraci\u00f3n, que baja de un 3,4% del PBI en 2020 a un proyectado de 1,5% del PBI para 2021.<\/p>\n<p>Guzm\u00e1n puntualiz\u00f3 que el proyecto de Ley &#8220;muestra una sustancial ca\u00edda del rubro de inter\u00e9s sobre deuda gracias a la reestructuraci\u00f3n de la deuda&#8221;. &#8220;Esto nos da espacio para expandir el gasto en sectores estrat\u00e9gicos clave para construir un puente entre donde estamos y hacia donde apuntamos&#8221;, indic\u00f3.<\/p>\n<p>El ministro concluy\u00f3 que &#8220;el Presupuesto 2021 es parte de un esquema integral de transici\u00f3n que apunta hacia un horizonte de estabilidad y crecimiento, en el que las familias, los trabajadores y las trabajadoras y las empresas puedan estar en un ambiente de certidumbre&#8221;.<\/p>\n","protected":false},"excerpt":{"rendered":"<p>El ministro, que ir\u00e1 el martes al Congreso, dijo que el proyecto &#8220;apunta a un horizonte de estabilidad y crecimiento&#8221; &nbsp; &nbsp; El ministro de Econom\u00eda, Mart\u00edn Guzm\u00e1n, afirm\u00f3 este domingo que el Presupuesto 2021 tiene como objetivo central la recuperaci\u00f3n econ\u00f3mica y &#8220;constituye un paso fundamental en el camino de tranquilizar nuestra econom\u00eda&#8221;. A trav\u00e9s de su cuenta Twitter, Guzm\u00e1n expres\u00f3 que la iniciativa &#8220;tiene como base dos principios. El primero es que no hay estabilizaci\u00f3n posible sin recuperaci\u00f3n de la actividad econ\u00f3mica. Y ello requiere de un Estado&#8230;<\/p>\n","protected":false},"author":3,"featured_media":67221,"comment_status":"closed","ping_status":"closed","sticky":false,"template":"","format":"standard","meta":[],"categories":[18],"tags":[],"_links":{"self":[{"href":"https:\/\/www.actualidadadiario.com\/index.php\/wp-json\/wp\/v2\/posts\/67220"}],"collection":[{"href":"https:\/\/www.actualidadadiario.com\/index.php\/wp-json\/wp\/v2\/posts"}],"about":[{"href":"https:\/\/www.actualidadadiario.com\/index.php\/wp-json\/wp\/v2\/types\/post"}],"author":[{"embeddable":true,"href":"https:\/\/www.actualidadadiario.com\/index.php\/wp-json\/wp\/v2\/users\/3"}],"replies":[{"embeddable":true,"href":"https:\/\/www.actualidadadiario.com\/index.php\/wp-json\/wp\/v2\/comments?post=67220"}],"version-history":[{"count":1,"href":"https:\/\/www.actualidadadiario.com\/index.php\/wp-json\/wp\/v2\/posts\/67220\/revisions"}],"predecessor-version":[{"id":67222,"href":"https:\/\/www.actualidadadiario.com\/index.php\/wp-json\/wp\/v2\/posts\/67220\/revisions\/67222"}],"wp:featuredmedia":[{"embeddable":true,"href":"https:\/\/www.actualidadadiario.com\/index.php\/wp-json\/wp\/v2\/media\/67221"}],"wp:attachment":[{"href":"https:\/\/www.actualidadadiario.com\/index.php\/wp-json\/wp\/v2\/media?parent=67220"}],"wp:term":[{"taxonomy":"category","embeddable":true,"href":"https:\/\/www.actualidadadiario.com\/index.php\/wp-json\/wp\/v2\/categories?post=67220"},{"taxonomy":"post_tag","embeddable":true,"href":"https:\/\/www.actualidadadiario.com\/index.php\/wp-json\/wp\/v2\/tags?post=67220"}],"curies":[{"name":"wp","href":"https:\/\/api.w.org\/{rel}","templated":true}]}}