{"id":67217,"date":"2020-09-21T12:49:19","date_gmt":"2020-09-21T15:49:19","guid":{"rendered":"https:\/\/www.actualidadadiario.com\/?p=67217"},"modified":"2020-09-28T16:17:48","modified_gmt":"2020-09-28T19:17:48","slug":"el-papa-nombro-a-beliz-como-miembro-de-la-academia-pontificia-de-las-ciencias-sociales","status":"publish","type":"post","link":"https:\/\/www.actualidadadiario.com\/index.php\/2020\/09\/21\/el-papa-nombro-a-beliz-como-miembro-de-la-academia-pontificia-de-las-ciencias-sociales\/","title":{"rendered":"El papa nombr\u00f3 a B\u00e9liz como miembro de la Academia Pontificia de las Ciencias Sociales"},"content":{"rendered":"<p style=\"text-align: center;\"><em><strong>El nombramiento llega d\u00edas despu\u00e9s de que perdiera la pulseada con Claver Carone por la presidencia del BID<\/strong><\/em><\/p>\n<p>&nbsp;<\/p>\n<p>&nbsp;<\/p>\n<p>Gustavo B\u00e9liz no lleg\u00f3 a la presidencia del bando Interamericano de Desarrollo (BID), luego de que por primera vez de impusiera un estadounidense en el puesto. Con Mauricio Claver Carone al frente de la instituci\u00f3n, el actual secretario de Asuntos Estrat\u00e9gicos de la Presidencia recibi\u00f3 otro reconocimiento. El papa Francisco lo nombr\u00f3 miembro ordinario de la Academia Pontificia de Ciencias Sociales. As\u00ed lo inform\u00f3 este s\u00e1bado la oficina de prensa de la Santa Sede.<\/p>\n<p>La Academia Pontificia de las Ciencias Sociales, que encabeza el obispo argentino monse\u00f1or Marcelo S\u00e1nchez Sorondo, fue fundada por Juan Pablo II el 1 de enero de 1994 para &#8220;promover el estudio y el progreso de las ciencias sociales, econ\u00f3micas, pol\u00edticas y jur\u00eddicas a la luz de la doctrina social de la Iglesia&#8221;, seg\u00fan indica la agencia AICA.<\/p>\n<p>Seg\u00fan el comunicado oficial, sus miembros son electos por su &#8220;alto nivel de competencia en alguna de las diversas disciplinas sociales&#8221;.<\/p>\n<p>El organismo es aut\u00f3nomo y el n\u00famero de sus miembros, nombrados por el Papa, no puede ser ni inferior a 20 ni superior a 40. Los acad\u00e9micos son nombrados por 10 a\u00f1os y pueden ser renombrados. Actualmente son 21 y proceden de 13 pa\u00edses de todo el mundo, sin distinci\u00f3n de confesi\u00f3n religiosa.<\/p>\n<p>Adem\u00e1s de candidato al BID y funcionario de esa instituci\u00f3n, B\u00e9liz tambi\u00e9n fue ministro nacional tres veces (de Justicia, Seguridad y Derechos Humanos y de Asuntos Internos;). Tambi\u00e9n integr\u00f3 el Instituto para la Integraci\u00f3n de Am\u00e9rica Latina y el Caribe, as\u00ed como profesor de la Facultad de Ciencias de la Informaci\u00f3n de la Universidad Austral y del Instituto de Altos Estudios Empresariales.<\/p>\n","protected":false},"excerpt":{"rendered":"<p>El nombramiento llega d\u00edas despu\u00e9s de que perdiera la pulseada con Claver Carone por la presidencia del BID &nbsp; &nbsp; Gustavo B\u00e9liz no lleg\u00f3 a la presidencia del bando Interamericano de Desarrollo (BID), luego de que por primera vez de impusiera un estadounidense en el puesto. Con Mauricio Claver Carone al frente de la instituci\u00f3n, el actual secretario de Asuntos Estrat\u00e9gicos de la Presidencia recibi\u00f3 otro reconocimiento. El papa Francisco lo nombr\u00f3 miembro ordinario de la Academia Pontificia de Ciencias Sociales. As\u00ed lo inform\u00f3 este s\u00e1bado la oficina de prensa&#8230;<\/p>\n","protected":false},"author":3,"featured_media":67218,"comment_status":"closed","ping_status":"closed","sticky":false,"template":"","format":"standard","meta":[],"categories":[18],"tags":[],"_links":{"self":[{"href":"https:\/\/www.actualidadadiario.com\/index.php\/wp-json\/wp\/v2\/posts\/67217"}],"collection":[{"href":"https:\/\/www.actualidadadiario.com\/index.php\/wp-json\/wp\/v2\/posts"}],"about":[{"href":"https:\/\/www.actualidadadiario.com\/index.php\/wp-json\/wp\/v2\/types\/post"}],"author":[{"embeddable":true,"href":"https:\/\/www.actualidadadiario.com\/index.php\/wp-json\/wp\/v2\/users\/3"}],"replies":[{"embeddable":true,"href":"https:\/\/www.actualidadadiario.com\/index.php\/wp-json\/wp\/v2\/comments?post=67217"}],"version-history":[{"count":1,"href":"https:\/\/www.actualidadadiario.com\/index.php\/wp-json\/wp\/v2\/posts\/67217\/revisions"}],"predecessor-version":[{"id":67219,"href":"https:\/\/www.actualidadadiario.com\/index.php\/wp-json\/wp\/v2\/posts\/67217\/revisions\/67219"}],"wp:featuredmedia":[{"embeddable":true,"href":"https:\/\/www.actualidadadiario.com\/index.php\/wp-json\/wp\/v2\/media\/67218"}],"wp:attachment":[{"href":"https:\/\/www.actualidadadiario.com\/index.php\/wp-json\/wp\/v2\/media?parent=67217"}],"wp:term":[{"taxonomy":"category","embeddable":true,"href":"https:\/\/www.actualidadadiario.com\/index.php\/wp-json\/wp\/v2\/categories?post=67217"},{"taxonomy":"post_tag","embeddable":true,"href":"https:\/\/www.actualidadadiario.com\/index.php\/wp-json\/wp\/v2\/tags?post=67217"}],"curies":[{"name":"wp","href":"https:\/\/api.w.org\/{rel}","templated":true}]}}