{"id":67215,"date":"2020-09-21T12:48:33","date_gmt":"2020-09-21T15:48:33","guid":{"rendered":"https:\/\/www.actualidadadiario.com\/?p=67215"},"modified":"2020-09-28T16:17:48","modified_gmt":"2020-09-28T19:17:48","slug":"alberto-pidio-construir-un-estado-de-derecho-donde-cese-la-hipocresia","status":"publish","type":"post","link":"https:\/\/www.actualidadadiario.com\/index.php\/2020\/09\/21\/alberto-pidio-construir-un-estado-de-derecho-donde-cese-la-hipocresia\/","title":{"rendered":"Alberto pidi\u00f3 construir un Estado de Derecho donde \u00abcese la hipocres\u00eda\u00bb"},"content":{"rendered":"<p style=\"text-align: center;\"><em><strong>El presidente Alberto Fern\u00e1ndez us\u00f3 su cuenta de Twitter para compartir una nota sobre el Estado de Derecho. A trav\u00e9s de la red social, el Jefe de Estado \u201cinvit\u00f3\u201d a leer el art\u00edculo period\u00edstico de la abogada Graciana Pe\u00f1afort. En el mismo, la defensora de Cristina Kirchner, desglosa y argumenta legalmente las disposiciones del Senado la \u00faltima semana y tilda a la oposici\u00f3n de hip\u00f3critas<\/strong><\/em><\/p>\n<p>&nbsp;<\/p>\n<p>Alberto Fern\u00e1ndez volvi\u00f3 a usar su red social predilecta para compartir un art\u00edculo period\u00edstico titulado \u201cHipocres\u00edas, vicios y virtudes. Los senadores de la oposici\u00f3n no quieren discutir el aporte de las grandes fortunas\u201d. \u201cUna nota de @gracepenafort que merece ser le\u00edda. Tal vez revisando objetivamente las cosas que vienen pasando, podamos construir un Estado de Derecho en el que la hipocres\u00eda y los vicios cesen y las virtudes aumenten\u201d, escribi\u00f3 el Presidente.<\/p>\n<p>&nbsp;<\/p>\n<p><strong>\u201cHipocres\u00edas, vicios y virtudes\u201d<\/strong><\/p>\n<p>El art\u00edculo de Graciana Pe\u00f1afort, retom\u00f3 lo sucedido en el Senado de la Naci\u00f3n y argument\u00f3 legalmente las disposiciones que tom\u00f3 la C\u00e1mara Alta respecto a la extensi\u00f3n de la modalidad de sesi\u00f3n virtual y el traslado de los jueces Castelli, Bruglia y Bertuzzi. En la primera l\u00ednea, la abogada cita la frase: \u201cLa hipocres\u00eda es el homenaje que el vicio le rinde a la virtud\u201d. Y a partir de all\u00ed, detalla una serie de repercusiones de pol\u00edticos y periodistas tras lo acontecido en el Congreso.<\/p>\n<p>\u201cEstos d\u00edas en la Argentina la virtud debe sentirse de lo m\u00e1s homenajeada por el vicio\u201d, escribi\u00f3.\u00a0 El relato de Pe\u00f1afort hizo especial hincapi\u00e9 en la anulaci\u00f3n del traslado de los jueces y sobre la cual algunos sectores se refirieron como la \u201cdestituci\u00f3n\u201d a los letrados.<\/p>\n<p>Seg\u00fan sostiene el art\u00edculo \u201clos viciosos homenajeadores de la virtud\u201d impulsaron \u201cdos mentiras grandes como una casa\u201d. La primera alude a que los tres jueces \u201cno obten\u00edan el acuerdo porque era parte de un plan de impunidad K\u201d. En este sentido, Pe\u00f1afort aclar\u00f3 que los juristas fueron los \u00fanicos tres, de los 10 jueces implicados, que no se presentaron a declarar y desobedecieron al Congreso.\u00a0 Por otro lado, la \u201csegunda mentira\u201d refiere a \u201cla falta de acuerdo implicaba la remoci\u00f3n de los jueces\u201d.<\/p>\n<p>Por otro lado, se refiri\u00f3 al uso del t\u00e9rmino remoci\u00f3n y sentenci\u00f3: \u201cLa respuesta es enf\u00e1ticamente No. Seguir\u00e1n siendo jueces, y se desempe\u00f1ar\u00e1n como tales en los juzgados donde el Senado de la Naci\u00f3n s\u00ed les dio acuerdo. Entonces, \u00bfde qu\u00e9 remoci\u00f3n me hablan, se\u00f1ores?\u201d. Luego, desglos\u00f3 una serie de argumentos en defensa de la extensi\u00f3n del modelo de sesi\u00f3n remota y desminti\u00f3 toda inconstitucionalidad de la decisi\u00f3n.<\/p>\n<p>\u201cY afirmo, para concluir, que la democracia es adem\u00e1s de la mejor forma de gobierno que hemos encontrado, una forma de virtud. No la ensucien con su hipocres\u00eda, y con sus homenajes vac\u00edos de virtudes y de razones\u201d, cerr\u00f3.<\/p>\n","protected":false},"excerpt":{"rendered":"<p>El presidente Alberto Fern\u00e1ndez us\u00f3 su cuenta de Twitter para compartir una nota sobre el Estado de Derecho. A trav\u00e9s de la red social, el Jefe de Estado \u201cinvit\u00f3\u201d a leer el art\u00edculo period\u00edstico de la abogada Graciana Pe\u00f1afort. En el mismo, la defensora de Cristina Kirchner, desglosa y argumenta legalmente las disposiciones del Senado la \u00faltima semana y tilda a la oposici\u00f3n de hip\u00f3critas &nbsp; Alberto Fern\u00e1ndez volvi\u00f3 a usar su red social predilecta para compartir un art\u00edculo period\u00edstico titulado \u201cHipocres\u00edas, vicios y virtudes. Los senadores de la oposici\u00f3n&#8230;<\/p>\n","protected":false},"author":3,"featured_media":62851,"comment_status":"closed","ping_status":"closed","sticky":false,"template":"","format":"standard","meta":[],"categories":[9],"tags":[],"_links":{"self":[{"href":"https:\/\/www.actualidadadiario.com\/index.php\/wp-json\/wp\/v2\/posts\/67215"}],"collection":[{"href":"https:\/\/www.actualidadadiario.com\/index.php\/wp-json\/wp\/v2\/posts"}],"about":[{"href":"https:\/\/www.actualidadadiario.com\/index.php\/wp-json\/wp\/v2\/types\/post"}],"author":[{"embeddable":true,"href":"https:\/\/www.actualidadadiario.com\/index.php\/wp-json\/wp\/v2\/users\/3"}],"replies":[{"embeddable":true,"href":"https:\/\/www.actualidadadiario.com\/index.php\/wp-json\/wp\/v2\/comments?post=67215"}],"version-history":[{"count":1,"href":"https:\/\/www.actualidadadiario.com\/index.php\/wp-json\/wp\/v2\/posts\/67215\/revisions"}],"predecessor-version":[{"id":67216,"href":"https:\/\/www.actualidadadiario.com\/index.php\/wp-json\/wp\/v2\/posts\/67215\/revisions\/67216"}],"wp:featuredmedia":[{"embeddable":true,"href":"https:\/\/www.actualidadadiario.com\/index.php\/wp-json\/wp\/v2\/media\/62851"}],"wp:attachment":[{"href":"https:\/\/www.actualidadadiario.com\/index.php\/wp-json\/wp\/v2\/media?parent=67215"}],"wp:term":[{"taxonomy":"category","embeddable":true,"href":"https:\/\/www.actualidadadiario.com\/index.php\/wp-json\/wp\/v2\/categories?post=67215"},{"taxonomy":"post_tag","embeddable":true,"href":"https:\/\/www.actualidadadiario.com\/index.php\/wp-json\/wp\/v2\/tags?post=67215"}],"curies":[{"name":"wp","href":"https:\/\/api.w.org\/{rel}","templated":true}]}}