{"id":67213,"date":"2020-09-21T12:47:35","date_gmt":"2020-09-21T15:47:35","guid":{"rendered":"https:\/\/www.actualidadadiario.com\/?p=67213"},"modified":"2020-09-28T16:17:48","modified_gmt":"2020-09-28T19:17:48","slug":"promulgan-la-ley-de-reactivacion-del-turismo","status":"publish","type":"post","link":"https:\/\/www.actualidadadiario.com\/index.php\/2020\/09\/21\/promulgan-la-ley-de-reactivacion-del-turismo\/","title":{"rendered":"Promulgan la Ley de Reactivaci\u00f3n del Turismo"},"content":{"rendered":"<p style=\"text-align: center;\"><em><strong>La iniciativa dispone una serie de medidas para mitigar el impacto de las restricciones sanitarias por el coronavirus en la econom\u00eda<\/strong><\/em><\/p>\n<p>&nbsp;<\/p>\n<p>&nbsp;<\/p>\n<p>A trav\u00e9s del Decreto 753\/2020 publicado en el Bolet\u00edn Oficial el Gobierno promulg\u00f3 la Ley 27.563 de Sostenimiento y Reactivaci\u00f3n Productiva de la Actividad Tur\u00edstica Nacional. La iniciativa dispone, en el marco de la emergencia sanitaria declarada por el coronavirus, una serie de medidas con el objetivo de mitigar el impacto econ\u00f3mico, social y productivo en el turismo.<\/p>\n<p>Entre las principales medidas, la norma prorroga hasta el 31 de diciembre el Programa de Asistencia de Emergencia al Trabajo y la Producci\u00f3n (ATP) para el pago de salarios, la asistencia econ\u00f3mica a PyMEs, la reducci\u00f3n del 95% del pago de contribuciones patronales, planes de moratoria, suspensi\u00f3n de embargos y pr\u00f3rroga en el vencimiento del pago de impuestos.<\/p>\n<p>Respecto a los consumidores, la ley prev\u00e9 la recuperaci\u00f3n del sector con iniciativas que incentiven la demanda. As\u00ed, estipula la creaci\u00f3n bonos vacacionales, un plan de devoluciones de servicios que no pudieron ser brindados, y un sistema de compensaci\u00f3n, por parte del Estado, del 50% en la preventa de los paquetes tur\u00edsticos que se adquieran en el pa\u00eds para 2021. Destaca tambi\u00e9n la creaci\u00f3n de un Programa Turismo para Mayores, as\u00ed como del Bono Fiscal Vacacional.<\/p>\n","protected":false},"excerpt":{"rendered":"<p>La iniciativa dispone una serie de medidas para mitigar el impacto de las restricciones sanitarias por el coronavirus en la econom\u00eda &nbsp; &nbsp; A trav\u00e9s del Decreto 753\/2020 publicado en el Bolet\u00edn Oficial el Gobierno promulg\u00f3 la Ley 27.563 de Sostenimiento y Reactivaci\u00f3n Productiva de la Actividad Tur\u00edstica Nacional. La iniciativa dispone, en el marco de la emergencia sanitaria declarada por el coronavirus, una serie de medidas con el objetivo de mitigar el impacto econ\u00f3mico, social y productivo en el turismo. Entre las principales medidas, la norma prorroga hasta el&#8230;<\/p>\n","protected":false},"author":3,"featured_media":65823,"comment_status":"closed","ping_status":"closed","sticky":false,"template":"","format":"standard","meta":[],"categories":[2],"tags":[],"_links":{"self":[{"href":"https:\/\/www.actualidadadiario.com\/index.php\/wp-json\/wp\/v2\/posts\/67213"}],"collection":[{"href":"https:\/\/www.actualidadadiario.com\/index.php\/wp-json\/wp\/v2\/posts"}],"about":[{"href":"https:\/\/www.actualidadadiario.com\/index.php\/wp-json\/wp\/v2\/types\/post"}],"author":[{"embeddable":true,"href":"https:\/\/www.actualidadadiario.com\/index.php\/wp-json\/wp\/v2\/users\/3"}],"replies":[{"embeddable":true,"href":"https:\/\/www.actualidadadiario.com\/index.php\/wp-json\/wp\/v2\/comments?post=67213"}],"version-history":[{"count":1,"href":"https:\/\/www.actualidadadiario.com\/index.php\/wp-json\/wp\/v2\/posts\/67213\/revisions"}],"predecessor-version":[{"id":67214,"href":"https:\/\/www.actualidadadiario.com\/index.php\/wp-json\/wp\/v2\/posts\/67213\/revisions\/67214"}],"wp:featuredmedia":[{"embeddable":true,"href":"https:\/\/www.actualidadadiario.com\/index.php\/wp-json\/wp\/v2\/media\/65823"}],"wp:attachment":[{"href":"https:\/\/www.actualidadadiario.com\/index.php\/wp-json\/wp\/v2\/media?parent=67213"}],"wp:term":[{"taxonomy":"category","embeddable":true,"href":"https:\/\/www.actualidadadiario.com\/index.php\/wp-json\/wp\/v2\/categories?post=67213"},{"taxonomy":"post_tag","embeddable":true,"href":"https:\/\/www.actualidadadiario.com\/index.php\/wp-json\/wp\/v2\/tags?post=67213"}],"curies":[{"name":"wp","href":"https:\/\/api.w.org\/{rel}","templated":true}]}}