{"id":67205,"date":"2020-09-21T12:45:25","date_gmt":"2020-09-21T15:45:25","guid":{"rendered":"https:\/\/www.actualidadadiario.com\/?p=67205"},"modified":"2020-09-28T16:17:48","modified_gmt":"2020-09-28T19:17:48","slug":"coronavirus-el-ministerio-de-salud-cambia-la-metodologia-de-sus-reportes","status":"publish","type":"post","link":"https:\/\/www.actualidadadiario.com\/index.php\/2020\/09\/21\/coronavirus-el-ministerio-de-salud-cambia-la-metodologia-de-sus-reportes\/","title":{"rendered":"Coronavirus: el Ministerio de Salud cambia la metodolog\u00eda de sus reportes"},"content":{"rendered":"<p style=\"text-align: center;\"><em><strong>A partir de este lunes, el reporte epidemiol\u00f3gico del Ministerio Salud comienza a ser emitido tres veces por semana (lunes, mi\u00e9rcoles y viernes) en su horario habitual de las 9 desde la Sala de Situaci\u00f3n de la cartera de salud, con la participaci\u00f3n de funcionarios de todo el pa\u00eds y con conferencia de prensa posterior al informe<\/strong><\/em><\/p>\n<p>&nbsp;<\/p>\n<p>Por las ma\u00f1anas ya no habr\u00e1 un reporte escrito y ser\u00e1 difundido en horario nocturno &#8220;un \u00fanico Reporte Diario Epidemiol\u00f3gico Covid-19&#8221; para unificar los datos cada 24 horas a trav\u00e9s de https:\/\/www.argentina.gob.ar\/coronavirus\/informes-diarios\/reportes y de la cuenta oficial de Twitter @msalnacion.<\/p>\n<p>&#8220;El cambio de locaci\u00f3n favorecer\u00e1 a una presentaci\u00f3n m\u00e1s din\u00e1mica de los datos epidemiol\u00f3gicos y permitir\u00e1 la participaci\u00f3n federal de referentes sanitarios de todo el pa\u00eds, para brindar informaci\u00f3n y definiciones en materia de salud p\u00fablica desde cada una de las jurisdicciones&#8221;, destaca el ministerio sobre a nueva modalidad del reporte.<\/p>\n<p>Los periodistas podr\u00e1n acudir a la sala de situaci\u00f3n para participar de una conferencia de prensa posterior y realizar consultas a los funcionarios del Ministerio de Salud &#8220;para continuar fortaleciendo la confianza y seguridad de la poblaci\u00f3n en los procesos de acceso a la informaci\u00f3n&#8221;, valora el comunicado del ministerio.<\/p>\n<p>Fuentes del Ministerio se\u00f1alaron a la agencia T\u00e9lam que los martes y jueves no habr\u00e1 reporte matutino en vivo y el resto de los d\u00edas se seguir\u00e1 transmitiendo con esa modalidad por el canal de Youtube de la Casa Rosada.<\/p>\n","protected":false},"excerpt":{"rendered":"<p>A partir de este lunes, el reporte epidemiol\u00f3gico del Ministerio Salud comienza a ser emitido tres veces por semana (lunes, mi\u00e9rcoles y viernes) en su horario habitual de las 9 desde la Sala de Situaci\u00f3n de la cartera de salud, con la participaci\u00f3n de funcionarios de todo el pa\u00eds y con conferencia de prensa posterior al informe &nbsp; Por las ma\u00f1anas ya no habr\u00e1 un reporte escrito y ser\u00e1 difundido en horario nocturno &#8220;un \u00fanico Reporte Diario Epidemiol\u00f3gico Covid-19&#8221; para unificar los datos cada 24 horas a trav\u00e9s de https:\/\/www.argentina.gob.ar\/coronavirus\/informes-diarios\/reportes&#8230;<\/p>\n","protected":false},"author":3,"featured_media":67206,"comment_status":"closed","ping_status":"closed","sticky":false,"template":"","format":"standard","meta":[],"categories":[2],"tags":[],"_links":{"self":[{"href":"https:\/\/www.actualidadadiario.com\/index.php\/wp-json\/wp\/v2\/posts\/67205"}],"collection":[{"href":"https:\/\/www.actualidadadiario.com\/index.php\/wp-json\/wp\/v2\/posts"}],"about":[{"href":"https:\/\/www.actualidadadiario.com\/index.php\/wp-json\/wp\/v2\/types\/post"}],"author":[{"embeddable":true,"href":"https:\/\/www.actualidadadiario.com\/index.php\/wp-json\/wp\/v2\/users\/3"}],"replies":[{"embeddable":true,"href":"https:\/\/www.actualidadadiario.com\/index.php\/wp-json\/wp\/v2\/comments?post=67205"}],"version-history":[{"count":1,"href":"https:\/\/www.actualidadadiario.com\/index.php\/wp-json\/wp\/v2\/posts\/67205\/revisions"}],"predecessor-version":[{"id":67207,"href":"https:\/\/www.actualidadadiario.com\/index.php\/wp-json\/wp\/v2\/posts\/67205\/revisions\/67207"}],"wp:featuredmedia":[{"embeddable":true,"href":"https:\/\/www.actualidadadiario.com\/index.php\/wp-json\/wp\/v2\/media\/67206"}],"wp:attachment":[{"href":"https:\/\/www.actualidadadiario.com\/index.php\/wp-json\/wp\/v2\/media?parent=67205"}],"wp:term":[{"taxonomy":"category","embeddable":true,"href":"https:\/\/www.actualidadadiario.com\/index.php\/wp-json\/wp\/v2\/categories?post=67205"},{"taxonomy":"post_tag","embeddable":true,"href":"https:\/\/www.actualidadadiario.com\/index.php\/wp-json\/wp\/v2\/tags?post=67205"}],"curies":[{"name":"wp","href":"https:\/\/api.w.org\/{rel}","templated":true}]}}