{"id":67200,"date":"2020-09-21T12:43:57","date_gmt":"2020-09-21T15:43:57","guid":{"rendered":"https:\/\/www.actualidadadiario.com\/?p=67200"},"modified":"2020-09-28T16:17:48","modified_gmt":"2020-09-28T19:17:48","slug":"la-agricultura-vuelve-a-los-campos-militares","status":"publish","type":"post","link":"https:\/\/www.actualidadadiario.com\/index.php\/2020\/09\/21\/la-agricultura-vuelve-a-los-campos-militares\/","title":{"rendered":"La agricultura vuelve a los campos militares"},"content":{"rendered":"<p style=\"text-align: center;\"><em><strong>Es a partir de una decisi\u00f3n del Gobierno de generar un acuerdo entre los ministerios de Defensa y Agricultura para incentivar la producci\u00f3n agropecuaria<\/strong><\/em><\/p>\n<p>&nbsp;<\/p>\n<p>&nbsp;<\/p>\n<p>Los campos militares que son propiedad de las Fuerzas Armadas volver\u00e1n a ser utilizados para la producci\u00f3n agropecuaria, tras la decisi\u00f3n del Gobierno nacional de avanzar en un acuerdo entre los Ministerios de Defensa y de Agricultura, lo que busca dejar atr\u00e1s una medida implementada por la anterior administraci\u00f3n, cuando &#8220;se vend\u00edan&#8221; esos predios.<\/p>\n<p>Luego de la firma del acuerdo de cooperaci\u00f3n interministerial realizado el pasado martes en la sede de la Direcci\u00f3n de Remonta y Veterinaria, dependiente del Ej\u00e9rcito, los terrenos productivos de las Fuerzas Armadas contar\u00e1n con un mayor desarrollo agr\u00edcola-ganadero revirtiendo as\u00ed la pol\u00edtica implementada por el Gobierno de Mauricio Macri.<\/p>\n<p>En ese punto, el ministro de Defensa, Agust\u00edn Rossi, sostuvo que con este acuerdo &#8220;se ha retomado el m\u00e9todo de acci\u00f3n que ten\u00edamos en la gesti\u00f3n durante la presidencia de Cristina (Kirchner) y revertimos as\u00ed la pol\u00edtica de venta de campos militares de (el expresidente) Mauricio Macri&#8221;.<\/p>\n<p>Tambi\u00e9n record\u00f3 que, al asumir como ministro &#8220;hubo que impedir diversos remates de inmuebles bajo la \u00f3rbita del Ministerio de Defensa, y lo que hicimos fue frenar el remate inescrupuloso que se llevaba en la gesti\u00f3n anterior, al convertir todas las tierras del Ej\u00e9rcito y de Defensa en negocios inmobiliarios&#8221;.<\/p>\n<p>Asimismo, Rossi detall\u00f3 que &#8220;una parte de esas tierras tienen un objetivo militar, ya que se utilizan para la instrucci\u00f3n del personal; otras tienen objetivos productivos que utiliza el Ej\u00e9rcito, como la cr\u00eda de caballos y para la alimentaci\u00f3n de esos animales; y en otras de ellas estamos buscando distintos objetivos&#8221;.<\/p>\n<p>Sobre esos objetivos que mencion\u00f3 el titular de la cartera de Defensa, el secretario de Estrategia y Asuntos Militares, Sergio Rossi, precis\u00f3 que &#8220;en alg\u00fan momento se pens\u00f3&#8221; alg\u00fan programa para que miembros de la agricultura familiar participen, pero implementar un plan as\u00ed &#8220;es muy complejo&#8221; porque &#8220;hay trabas legales y adem\u00e1s porque esos terrenos no dejan de ser parte de una zona militar, con reglas de seguridad nacional&#8221;.<\/p>\n<p>Una de las alternativas posible ser\u00eda la implementaci\u00f3n del programa &#8216;Pro Huerta&#8217; en las parcelas de la medianera lindante con el exterior de aquellos establecimientos militares que tengan tierras f\u00e9rtiles, porque &#8220;tambi\u00e9n aportar\u00eda a la seguridad, ya que ahora muchas de las bases han quedado en zonas urbanizadas donde por sus l\u00edmites circulan los vecinos&#8221;.<\/p>\n<p>Sin embargo, Sergio Rossi aclar\u00f3 que &#8220;por ahora no hay nada definido en ese sentido&#8221; y lo que s\u00ed se sabe es que &#8220;las Fuerzas Armadas utilizar\u00e1n parte de esos campos para la producci\u00f3n de alimento para abastecimiento de sus animales&#8221;.<\/p>\n<p>Ante la decisi\u00f3n de volver a utilizar estas tierras, las organizaciones sociales y los trabajadores de la econom\u00eda popular ocupan el centro del escenario del debate y el an\u00e1lisis de diferentes propuestas en las distintas \u00e1reas, para que esos productores sean contenidos en alg\u00fan programa especial que permita la actividad rural en esas parcelas sin violar las reglamentaciones ni las reglas de seguridad nacional.<\/p>\n<p>En ese marco, el secretario de Agricultura Familiar, Campesina e Ind\u00edgena del Ministerio de Agricultura, Miguel \u00c1ngel G\u00f3mez, asegur\u00f3 a esta agencia que &#8220;la idea de entregar en comodato peque\u00f1as parcelas a productores de la econom\u00eda familiar no prosper\u00f3&#8221; y &#8220;todav\u00eda no se acord\u00f3 nada&#8221; con los productores ni ninguna organizaci\u00f3n, &#8220;porque quien va a producir parte de esos campos es el propio Ej\u00e9rcito para el consumo de sus animales, con el asesoramiento del INTA&#8221;.<\/p>\n<p>&#8220;La idea de que peque\u00f1os productores rurales participen de un programa para trabajar esas tierras la estamos discutiendo en forma interna en el Ministerio (de Agricultura), para coordinar un plan con el objetivo de que en algunos campos de las Fuerzas Armadas se desarrollen programas que la Secretar\u00eda ya tiene&#8221;, a\u00f1adi\u00f3.<\/p>\n<p>Al igual que Sergio Rossi, el secretario de Agricultura Familiar plante\u00f3 que &#8220;la iniciativa tiene un obst\u00e1culo complejo que es el tema legal, por lo que la soluci\u00f3n podr\u00eda ser trabajar la tierra en la medianera, en el contorno de las bases militares por un tema tambi\u00e9n de seguridad&#8221;.<\/p>\n<p>&#8220;En Campo de Mayo no se podr\u00eda instalar familias viviendo ni tampoco estar entrando y saliendo de la zona. En cambio, s\u00ed se podr\u00eda producir en el per\u00edmetro&#8221;, ejemplific\u00f3.<\/p>\n<p>Para G\u00f3mez &#8220;esta firma de convenio es buena&#8221; para los peque\u00f1os productores porque &#8220;posibilita y arrima el di\u00e1logo posible en esta cuesti\u00f3n, pero va a depender tambi\u00e9n de las condiciones de cada campo de las Fuerzas Armadas y la situaci\u00f3n regional. El Gobierno demostr\u00f3 que le quiere dar a la tierra una funci\u00f3n social&#8221;.<\/p>\n<p>En tanto, uno de los referentes de la Uni\u00f3n de Trabajadores de la Econom\u00eda Popular (UTEP), Gildo Onorato, sostuvo que a los movimientos sociales les parece que &#8220;ser\u00eda una buena propuesta&#8221; trabajar esas tierras porque &#8220;no se tienen que cometer errores de otra \u00e9poca, cuando en muchos de esos campos militares se plantaba soja con la misma l\u00f3gica que los exportadores privados&#8221;.<\/p>\n<p>Onorato afirm\u00f3: &#8220;Esas tierras p\u00fablicas, esos terrenos ociosos, tienen que servir para producir y fortalecer la econom\u00eda familiar a fin de generar circuitos productivos que permitan un consumo en origen y fortalecer los circuitos econ\u00f3micos regionales&#8221;.<\/p>\n","protected":false},"excerpt":{"rendered":"<p>Es a partir de una decisi\u00f3n del Gobierno de generar un acuerdo entre los ministerios de Defensa y Agricultura para incentivar la producci\u00f3n agropecuaria &nbsp; &nbsp; Los campos militares que son propiedad de las Fuerzas Armadas volver\u00e1n a ser utilizados para la producci\u00f3n agropecuaria, tras la decisi\u00f3n del Gobierno nacional de avanzar en un acuerdo entre los Ministerios de Defensa y de Agricultura, lo que busca dejar atr\u00e1s una medida implementada por la anterior administraci\u00f3n, cuando &#8220;se vend\u00edan&#8221; esos predios. Luego de la firma del acuerdo de cooperaci\u00f3n interministerial realizado&#8230;<\/p>\n","protected":false},"author":3,"featured_media":67201,"comment_status":"closed","ping_status":"closed","sticky":false,"template":"","format":"standard","meta":[],"categories":[2],"tags":[],"_links":{"self":[{"href":"https:\/\/www.actualidadadiario.com\/index.php\/wp-json\/wp\/v2\/posts\/67200"}],"collection":[{"href":"https:\/\/www.actualidadadiario.com\/index.php\/wp-json\/wp\/v2\/posts"}],"about":[{"href":"https:\/\/www.actualidadadiario.com\/index.php\/wp-json\/wp\/v2\/types\/post"}],"author":[{"embeddable":true,"href":"https:\/\/www.actualidadadiario.com\/index.php\/wp-json\/wp\/v2\/users\/3"}],"replies":[{"embeddable":true,"href":"https:\/\/www.actualidadadiario.com\/index.php\/wp-json\/wp\/v2\/comments?post=67200"}],"version-history":[{"count":1,"href":"https:\/\/www.actualidadadiario.com\/index.php\/wp-json\/wp\/v2\/posts\/67200\/revisions"}],"predecessor-version":[{"id":67202,"href":"https:\/\/www.actualidadadiario.com\/index.php\/wp-json\/wp\/v2\/posts\/67200\/revisions\/67202"}],"wp:featuredmedia":[{"embeddable":true,"href":"https:\/\/www.actualidadadiario.com\/index.php\/wp-json\/wp\/v2\/media\/67201"}],"wp:attachment":[{"href":"https:\/\/www.actualidadadiario.com\/index.php\/wp-json\/wp\/v2\/media?parent=67200"}],"wp:term":[{"taxonomy":"category","embeddable":true,"href":"https:\/\/www.actualidadadiario.com\/index.php\/wp-json\/wp\/v2\/categories?post=67200"},{"taxonomy":"post_tag","embeddable":true,"href":"https:\/\/www.actualidadadiario.com\/index.php\/wp-json\/wp\/v2\/tags?post=67200"}],"curies":[{"name":"wp","href":"https:\/\/api.w.org\/{rel}","templated":true}]}}