{"id":67197,"date":"2020-09-21T12:40:30","date_gmt":"2020-09-21T15:40:30","guid":{"rendered":"https:\/\/www.actualidadadiario.com\/?p=67197"},"modified":"2020-09-28T16:17:48","modified_gmt":"2020-09-28T19:17:48","slug":"las-empresas-de-servicios-publicos-no-podran-realizar-cortes-por-falta-de-pago-hasta-fin-de-ano","status":"publish","type":"post","link":"https:\/\/www.actualidadadiario.com\/index.php\/2020\/09\/21\/las-empresas-de-servicios-publicos-no-podran-realizar-cortes-por-falta-de-pago-hasta-fin-de-ano\/","title":{"rendered":"Las empresas de servicios p\u00fablicos no podr\u00e1n realizar cortes por falta de pago hasta fin de a\u00f1o"},"content":{"rendered":"<p style=\"text-align: center;\"><em><strong>Incluye energ\u00eda el\u00e9ctrica, gas, agua, telefon\u00eda fija o m\u00f3vil e internet y TV paga. Prorrog\u00f3 el decreto 311\/20 de marzo pasado en el marco de la emergencia por la pandemia de coronavirus<\/strong><\/em><\/p>\n<p>&nbsp;<\/p>\n<p>&nbsp;<\/p>\n<p>El Gobierno nacional prorrog\u00f3 hasta el 31 de diciembre la prohibici\u00f3n de interrumpir por falta de pago la prestaci\u00f3n de servicios p\u00fablicos, que hab\u00eda sido establecida mediante el decreto 311\/20 de marzo pasado en el marco de la emergencia por la pandemia de coronavirus.<\/p>\n<p>La nueva medida tambi\u00e9n ampl\u00eda de seis a siete la cantidad de facturas impagas que pueden tener los usuarios y las usuarias de los servicios de energ\u00eda el\u00e9ctrica, gas, agua, telefon\u00eda fija o m\u00f3vil e internet y TV paga.<\/p>\n<p>Del mismo modo, se extiende tambi\u00e9n hasta fin de a\u00f1o la obligaci\u00f3n de las empresas de telefon\u00eda fija o m\u00f3vil, internet y TV paga de mantener un servicio reducido en caso de falta de pago.<\/p>\n<p>&nbsp;<\/p>\n<p><strong>Telefon\u00eda m\u00f3vil, internet y cable<\/strong><\/p>\n<p>El decreto del Gobierno nacional obliga a las empresas prestatarias del servicio a brindar una opci\u00f3n reducida en caso de que no se haya completado el pago pero se mantiene la prohibici\u00f3n de producir el corte total del servicio.<\/p>\n<p>En el decreto se establece que se busca &#8220;garantizar \u2013en el marco de esta emergencia\u2013 el acceso a esos servicios, los que constituyen medios instrumentales para el ejercicio de derechos fundamentales, tales como a la salud, a la educaci\u00f3n o la alimentaci\u00f3n\u201d.<\/p>\n<p>Entre los sectores beneficiados se incluyen las Micro, Peque\u00f1as y Medianas Empresas (MiPyMES) afectadas en la emergencia, las Cooperativas de Trabajo o Empresas Recuperadas inscriptas en INAES, las instituciones de salud, p\u00fablicas y privadas, y las entidades de bien p\u00fablico que contribuyan a la elaboraci\u00f3n y distribuci\u00f3n de alimentos.<\/p>\n<p>&nbsp;<\/p>\n<p><strong>Monotributistas, jubilados y AUH<\/strong><\/p>\n<p>Con el objetivo de que los sectores con menor capacidad econ\u00f3mica o que sufrieron m\u00e1s el impacto de la crisis derivada de la falta de actividad por el coronavirus, los beneficiarios y beneficiarias de la Asignaci\u00f3n Universal por Hijo (AUH) y la Asignaci\u00f3n por Embarazo, a quienes perciban Pensiones no Contributivas y tengan ingresos mensuales brutos no superiores a dos veces el Salario M\u00ednimo Vital y M\u00f3vil tambi\u00e9n tienen derecho a que no corte su servicio.<\/p>\n<p>En el universo alcanzado es tambi\u00e9n el de\u00a0 usuarios inscriptos y usuarias inscriptas en el R\u00e9gimen de Monotributo Social, a jubilados y jubiladas; pensionadas y pensionados, y trabajadores y trabajadoras en relaci\u00f3n de dependencia que perciban una remuneraci\u00f3n bruta menor o igual a dos salarios m\u00ednimos.<\/p>\n<p>&nbsp;<\/p>\n<p><strong>Tambi\u00e9n abarca:<\/strong><\/p>\n<ul>\n<li>monotributistas de categor\u00edas cuyo ingreso anual mensualizado no supere en dos salarios m\u00ednimos<\/li>\n<li>usuarios y usuarias que perciben seguro de desempleo<\/li>\n<li>personas electrodependientes<\/li>\n<li>quienes est\u00e9n dentro del R\u00e9gimen Especial de Seguridad Social para Empleados de Casas Particulares y<\/li>\n<li>exentos en el pago de ABL o tributos locales de igual naturaleza.<\/li>\n<\/ul>\n","protected":false},"excerpt":{"rendered":"<p>Incluye energ\u00eda el\u00e9ctrica, gas, agua, telefon\u00eda fija o m\u00f3vil e internet y TV paga. Prorrog\u00f3 el decreto 311\/20 de marzo pasado en el marco de la emergencia por la pandemia de coronavirus &nbsp; &nbsp; El Gobierno nacional prorrog\u00f3 hasta el 31 de diciembre la prohibici\u00f3n de interrumpir por falta de pago la prestaci\u00f3n de servicios p\u00fablicos, que hab\u00eda sido establecida mediante el decreto 311\/20 de marzo pasado en el marco de la emergencia por la pandemia de coronavirus. La nueva medida tambi\u00e9n ampl\u00eda de seis a siete la cantidad de&#8230;<\/p>\n","protected":false},"author":3,"featured_media":67198,"comment_status":"closed","ping_status":"closed","sticky":false,"template":"","format":"standard","meta":[],"categories":[9],"tags":[],"_links":{"self":[{"href":"https:\/\/www.actualidadadiario.com\/index.php\/wp-json\/wp\/v2\/posts\/67197"}],"collection":[{"href":"https:\/\/www.actualidadadiario.com\/index.php\/wp-json\/wp\/v2\/posts"}],"about":[{"href":"https:\/\/www.actualidadadiario.com\/index.php\/wp-json\/wp\/v2\/types\/post"}],"author":[{"embeddable":true,"href":"https:\/\/www.actualidadadiario.com\/index.php\/wp-json\/wp\/v2\/users\/3"}],"replies":[{"embeddable":true,"href":"https:\/\/www.actualidadadiario.com\/index.php\/wp-json\/wp\/v2\/comments?post=67197"}],"version-history":[{"count":1,"href":"https:\/\/www.actualidadadiario.com\/index.php\/wp-json\/wp\/v2\/posts\/67197\/revisions"}],"predecessor-version":[{"id":67199,"href":"https:\/\/www.actualidadadiario.com\/index.php\/wp-json\/wp\/v2\/posts\/67197\/revisions\/67199"}],"wp:featuredmedia":[{"embeddable":true,"href":"https:\/\/www.actualidadadiario.com\/index.php\/wp-json\/wp\/v2\/media\/67198"}],"wp:attachment":[{"href":"https:\/\/www.actualidadadiario.com\/index.php\/wp-json\/wp\/v2\/media?parent=67197"}],"wp:term":[{"taxonomy":"category","embeddable":true,"href":"https:\/\/www.actualidadadiario.com\/index.php\/wp-json\/wp\/v2\/categories?post=67197"},{"taxonomy":"post_tag","embeddable":true,"href":"https:\/\/www.actualidadadiario.com\/index.php\/wp-json\/wp\/v2\/tags?post=67197"}],"curies":[{"name":"wp","href":"https:\/\/api.w.org\/{rel}","templated":true}]}}