{"id":67184,"date":"2020-09-21T12:35:43","date_gmt":"2020-09-21T15:35:43","guid":{"rendered":"https:\/\/www.actualidadadiario.com\/?p=67184"},"modified":"2020-09-28T16:17:48","modified_gmt":"2020-09-28T19:17:48","slug":"entre-rios-se-ubica-entre-las-provincias-con-mayor-estabilidad-de-empleo-privado","status":"publish","type":"post","link":"https:\/\/www.actualidadadiario.com\/index.php\/2020\/09\/21\/entre-rios-se-ubica-entre-las-provincias-con-mayor-estabilidad-de-empleo-privado\/","title":{"rendered":"Entre R\u00edos se ubica entre las provincias con mayor estabilidad de empleo privado"},"content":{"rendered":"<p style=\"text-align: center;\"><em><strong>La estrategia de aperturas econ\u00f3micas escalonadas, m\u00e1s las medidas impositivas tomadas por la provincia y las pol\u00edticas de reactivaci\u00f3n y protecci\u00f3n del trabajo de Naci\u00f3n, redujeron el impacto de la pandemia en los niveles de empleo en Entre R\u00edos que se encuentra entre las m\u00e1s estables del pa\u00eds<\/strong><\/em><\/p>\n<p>&nbsp;<\/p>\n<p>&nbsp;<\/p>\n<p>De acuerdo a los datos elaborados por el Ministerio de Trabajo, y la cartera de Desarrollo Productivo de la Naci\u00f3n, Entre R\u00edos se ubica entre las provincias argentinas que menos ca\u00edda del trabajo ha registrado en el pa\u00eds. La disminuci\u00f3n del nivel de empleo en la provincia, de apenas del 0,5 por ciento, desde febrero, se encuentra en la media nacional.<\/p>\n<p>Asimismo, el nivel de empleo ha registrado una ca\u00edda del 19,2 por ciento en Canad\u00e1, del 13, por ciento en Estados Unidod, del 12,2 por ciento en Chile, y del 7,5 por ciento en Brasil. En Argentina esa ca\u00edda fue apenas del 2,5 por ciento.<\/p>\n<p>En ese marco, el ministro de Producci\u00f3n de Entre R\u00edos, Juan Jos\u00e9 Bahillo, destac\u00f3 que \u201cla flexibilizaci\u00f3n de las medidas de aislamiento, sumadas a las tomadas por el gobierno nacional entre las cuales se destacan la implementaci\u00f3n de la Asistencia al Trabajo y la Producci\u00f3n (ATP), la prohibici\u00f3n de despidos y el Acuerdo para el sostenimiento del empleo y la actividad productiva, del que participaron la UIA-CGT y Gobierno, han repercutido positivamente en morigerar los efectos de la pandemia del Covid-19\u201d.<\/p>\n<p>\u201cEstos fueron algunos de los factores para que en provincias como Entre R\u00edos, donde el registro de empleo pr\u00e1cticamente se mantuviera en los niveles de febrero de este a\u00f1o (-0,5%) e inclusive como es el caso del parque Industrial de Gualeguaych\u00fa, donde sucedi\u00f3 todo lo contrario, se crearon nuevos puestos de trabajo, gracias a la gran diversificaci\u00f3n de rubros industriales con el que cuenta\u201d, coment\u00f3 Bahillo.<\/p>\n<p>&nbsp;<\/p>\n<p><strong>Asistencia del Estado<\/strong><\/p>\n<p>Desde el inicio de la pandemia, el Estado ha respondido con una serie de instrumentos de ayuda tanto a las personas como a las empresas. Dentro de las principales iniciativas, sobresalen las l\u00edneas de cr\u00e9ditos al 24% (con 102.000 empresas beneficiarias por $410.000 millones) y el programa de Asistencia al Trabajo y la Producci\u00f3n (ATP), que en sus primeras cuatro rondas beneficiaron al menos una vez a 338.000 firmas del sector privado (alrededor del 60% del total de las empresas empleadoras).<\/p>\n<p>\u201cEn Entre R\u00edos, trav\u00e9s del Programa de Apoyo al Trabajo y la Producci\u00f3n se financiaron los salarios complementarios de 6258 empresas entrerrianas y 44.586 trabajadores, significando s\u00f3lo de abril a junio la suma de 1.761 millones de pesos y tambi\u00e9n ha venido disminuyendo\u201d, inform\u00f3 el titular de la cartera productiva.<\/p>\n<p>La din\u00e1mica productiva de gradual recuperaci\u00f3n se ha traslucido en una ca\u00edda sistem\u00e1tica tanto en la cantidad de empresas inscriptas a la ATP, como en la cantidad de empresas aprobadas y en el monto erogado en cada ronda. Esto se ha observado en todos los sectores de actividad, pero previsiblemente en los que mayor recuperaci\u00f3n tuvieron en los \u00faltimos meses.<\/p>\n<p>&nbsp;<\/p>\n<p><strong>Empleo industrial<\/strong><\/p>\n<p>Bahillo coment\u00f3 sobre la informaci\u00f3n que fue difundida p\u00fablicamente por el Banco Estad\u00edstico de la Corporaci\u00f3n del Desarrollo de Gualeguaych\u00fa, en la que se evidencia &#8220;una recuperaci\u00f3n del empleo en sectores puntuales como las empresas del sector qu\u00edmicos, que en 2018 hab\u00edan tenido que reducir su planta laboral, generando conflictos gremiales\u201d, record\u00f3 el Ministro.<\/p>\n<p>El informe difundido por la entidad empresarial del sur entrerriano destaca el incremento de la demanda de productos de limpieza e higiene personal, como tambi\u00e9n sucedi\u00f3 en aquellas firmas que producen insumos para la industria farmac\u00e9uticas, que reforzaron el plantel laboral en los primeros meses de la pandemia.<\/p>\n<p>Por otra parte, seg\u00fan el \u00faltimo informe del panorama econ\u00f3mico elaborado por el Ministerio de Desarrollo Productivo de la Naci\u00f3n, donde se mide la evoluci\u00f3n de los principales indicadores de la actividad productiva, el crecimiento ahora tiene algunas caracter\u00edsticas diferentes al registrado en mayo y junio, donde las tasas mensuales de expansi\u00f3n hab\u00edan sido muy altas producto de varios factores.<\/p>\n<p>En primer lugar, el grueso de las aperturas se produjo en esos dos meses, lo cual implic\u00f3, en muchas empresas, pasar de no producir a retomar la actividad productiva y comercial. En segundo lugar, en una primera instancia las aperturas en sectores como el industrial fueron de la mano de recomposici\u00f3n de stocks, lo cual gener\u00f3 una mayor producci\u00f3n.<\/p>\n<p>Los primeros datos productivos de agosto sugieren una nueva mejora en el nivel de actividad industrial, medida con base en el consumo de energ\u00eda que releva CAMMESA, aceler\u00f3 su crecimiento (+4,9% intermensual desestacionalizado) y cerr\u00f3 el mes en niveles similares a los pre pandemia.<\/p>\n<p>Para finalizar, Bahillo reconoci\u00f3 que el gobierno provincial mantiene las gestiones permanentes con el gobierno nacional para sostener el apoyo a los sectores vinculados al turismo. \u201cEsta actividad es la m\u00e1s resentida y depende fundamentalmente de la habilitaci\u00f3n del transporte interjurisdiccionales\u201d, indic\u00f3.<\/p>\n<p>\u201cEn estos meses se ha realizado un intenso trabajo con todos los actores del sector, dise\u00f1ando nuevas alternativas para cuando las condiciones permitan volver a la actividad\u201d, finaliz\u00f3 el ministro de Producci\u00f3n de la provincia.<\/p>\n","protected":false},"excerpt":{"rendered":"<p>La estrategia de aperturas econ\u00f3micas escalonadas, m\u00e1s las medidas impositivas tomadas por la provincia y las pol\u00edticas de reactivaci\u00f3n y protecci\u00f3n del trabajo de Naci\u00f3n, redujeron el impacto de la pandemia en los niveles de empleo en Entre R\u00edos que se encuentra entre las m\u00e1s estables del pa\u00eds &nbsp; &nbsp; De acuerdo a los datos elaborados por el Ministerio de Trabajo, y la cartera de Desarrollo Productivo de la Naci\u00f3n, Entre R\u00edos se ubica entre las provincias argentinas que menos ca\u00edda del trabajo ha registrado en el pa\u00eds. La disminuci\u00f3n&#8230;<\/p>\n","protected":false},"author":3,"featured_media":67185,"comment_status":"closed","ping_status":"closed","sticky":false,"template":"","format":"standard","meta":[],"categories":[9,15],"tags":[],"_links":{"self":[{"href":"https:\/\/www.actualidadadiario.com\/index.php\/wp-json\/wp\/v2\/posts\/67184"}],"collection":[{"href":"https:\/\/www.actualidadadiario.com\/index.php\/wp-json\/wp\/v2\/posts"}],"about":[{"href":"https:\/\/www.actualidadadiario.com\/index.php\/wp-json\/wp\/v2\/types\/post"}],"author":[{"embeddable":true,"href":"https:\/\/www.actualidadadiario.com\/index.php\/wp-json\/wp\/v2\/users\/3"}],"replies":[{"embeddable":true,"href":"https:\/\/www.actualidadadiario.com\/index.php\/wp-json\/wp\/v2\/comments?post=67184"}],"version-history":[{"count":1,"href":"https:\/\/www.actualidadadiario.com\/index.php\/wp-json\/wp\/v2\/posts\/67184\/revisions"}],"predecessor-version":[{"id":67186,"href":"https:\/\/www.actualidadadiario.com\/index.php\/wp-json\/wp\/v2\/posts\/67184\/revisions\/67186"}],"wp:featuredmedia":[{"embeddable":true,"href":"https:\/\/www.actualidadadiario.com\/index.php\/wp-json\/wp\/v2\/media\/67185"}],"wp:attachment":[{"href":"https:\/\/www.actualidadadiario.com\/index.php\/wp-json\/wp\/v2\/media?parent=67184"}],"wp:term":[{"taxonomy":"category","embeddable":true,"href":"https:\/\/www.actualidadadiario.com\/index.php\/wp-json\/wp\/v2\/categories?post=67184"},{"taxonomy":"post_tag","embeddable":true,"href":"https:\/\/www.actualidadadiario.com\/index.php\/wp-json\/wp\/v2\/tags?post=67184"}],"curies":[{"name":"wp","href":"https:\/\/api.w.org\/{rel}","templated":true}]}}