{"id":67179,"date":"2020-09-17T12:32:11","date_gmt":"2020-09-17T15:32:11","guid":{"rendered":"https:\/\/www.actualidadadiario.com\/?p=67179"},"modified":"2020-09-28T16:17:49","modified_gmt":"2020-09-28T19:17:49","slug":"espana-sumo-la-mayor-cantidad-de-fallecidos-desde-la-apertura","status":"publish","type":"post","link":"https:\/\/www.actualidadadiario.com\/index.php\/2020\/09\/17\/espana-sumo-la-mayor-cantidad-de-fallecidos-desde-la-apertura\/","title":{"rendered":"Espa\u00f1a sum\u00f3 la mayor cantidad de fallecidos desde la apertura"},"content":{"rendered":"<p style=\"text-align: center;\"><em><strong>Es el pa\u00eds m\u00e1s afectado por la segunda ola de contagios de coronavirus que sufre Europa<\/strong><\/em><\/p>\n<p>&nbsp;<\/p>\n<p>&nbsp;<\/p>\n<p>Espa\u00f1a es el pa\u00eds m\u00e1s afectado por la segunda ola de contagios de coronavirus que sufre Europa y contabiliz\u00f3 11.193 nuevos casos y 239 muertes.<\/p>\n<p>El Ministerio espa\u00f1ol de Sanidad notific\u00f3 11.193 nuevos contagios por coronavirus, 4.728 en las \u00faltimas 24 horas, y otros 239 fallecidos, con lo que el total de infecciones desde el inicio de la pandemia ascend\u00eda a 614.360 y el de muertes a 30.243.<\/p>\n<p>De los nuevos contagios, un tercio se concentra en Madrid (3.438), la regi\u00f3n m\u00e1s afectada por la segunda ola de la pandemia, seg\u00fan los datos oficiales.<\/p>\n<p>Esta regi\u00f3n ya anunci\u00f3 que, a partir del viernes, comenzar\u00e1 con las restricciones para frenar el avance del virus, publica el sitio France24.com<\/p>\n<p>Ser\u00e1n medidas &#8220;m\u00e1s dr\u00e1sticas y en la l\u00ednea de confinamientos selectivos en las zonas con m\u00e1s incidencia, as\u00ed como restricciones a la movilidad y a la concentraci\u00f3n de personas, anunci\u00f3 este mi\u00e9rcoles el Gobierno regional madrile\u00f1o, sin concretar m\u00e1s detalles sobre esta decisi\u00f3n.<\/p>\n<p>Las cifras de la Sanidad madrile\u00f1a indican que el n\u00famero de nuevos casos de coronavirus pas\u00f3 de 912 a 1.501 en un d\u00eda, un incremento del 64%, mientras que la cifra de fallecidos se mantuvo estable con 27.<\/p>\n<p>Las medidas para tratar de retener estas cifras se conocer\u00e1n este fin de semana, seg\u00fan anunci\u00f3 el viceconsejero madrile\u00f1o de Salud P\u00fablica y Plan Covid-19, Antonio Zapatero.<\/p>\n<p>La regi\u00f3n de Madrid tiene 6,5 millones de habitantes, de los cuales cerca de la mitad est\u00e1n en la capital.<\/p>\n<p>Hasta ahora, pese al aumento de casos de las \u00faltimas semanas, sobre todo en la zona sur de la capital y de la regi\u00f3n, el Gobierno regional se hab\u00eda resistido a tomar medidas m\u00e1s restrictivas, como ha ocurrido en las \u00faltimas semanas en distintas localidades de otras comunidades aut\u00f3nomas.<\/p>\n","protected":false},"excerpt":{"rendered":"<p>Es el pa\u00eds m\u00e1s afectado por la segunda ola de contagios de coronavirus que sufre Europa &nbsp; &nbsp; Espa\u00f1a es el pa\u00eds m\u00e1s afectado por la segunda ola de contagios de coronavirus que sufre Europa y contabiliz\u00f3 11.193 nuevos casos y 239 muertes. El Ministerio espa\u00f1ol de Sanidad notific\u00f3 11.193 nuevos contagios por coronavirus, 4.728 en las \u00faltimas 24 horas, y otros 239 fallecidos, con lo que el total de infecciones desde el inicio de la pandemia ascend\u00eda a 614.360 y el de muertes a 30.243. De los nuevos contagios,&#8230;<\/p>\n","protected":false},"author":3,"featured_media":67180,"comment_status":"closed","ping_status":"closed","sticky":false,"template":"","format":"standard","meta":[],"categories":[4],"tags":[],"_links":{"self":[{"href":"https:\/\/www.actualidadadiario.com\/index.php\/wp-json\/wp\/v2\/posts\/67179"}],"collection":[{"href":"https:\/\/www.actualidadadiario.com\/index.php\/wp-json\/wp\/v2\/posts"}],"about":[{"href":"https:\/\/www.actualidadadiario.com\/index.php\/wp-json\/wp\/v2\/types\/post"}],"author":[{"embeddable":true,"href":"https:\/\/www.actualidadadiario.com\/index.php\/wp-json\/wp\/v2\/users\/3"}],"replies":[{"embeddable":true,"href":"https:\/\/www.actualidadadiario.com\/index.php\/wp-json\/wp\/v2\/comments?post=67179"}],"version-history":[{"count":1,"href":"https:\/\/www.actualidadadiario.com\/index.php\/wp-json\/wp\/v2\/posts\/67179\/revisions"}],"predecessor-version":[{"id":67181,"href":"https:\/\/www.actualidadadiario.com\/index.php\/wp-json\/wp\/v2\/posts\/67179\/revisions\/67181"}],"wp:featuredmedia":[{"embeddable":true,"href":"https:\/\/www.actualidadadiario.com\/index.php\/wp-json\/wp\/v2\/media\/67180"}],"wp:attachment":[{"href":"https:\/\/www.actualidadadiario.com\/index.php\/wp-json\/wp\/v2\/media?parent=67179"}],"wp:term":[{"taxonomy":"category","embeddable":true,"href":"https:\/\/www.actualidadadiario.com\/index.php\/wp-json\/wp\/v2\/categories?post=67179"},{"taxonomy":"post_tag","embeddable":true,"href":"https:\/\/www.actualidadadiario.com\/index.php\/wp-json\/wp\/v2\/tags?post=67179"}],"curies":[{"name":"wp","href":"https:\/\/api.w.org\/{rel}","templated":true}]}}