{"id":67171,"date":"2020-09-17T12:29:48","date_gmt":"2020-09-17T15:29:48","guid":{"rendered":"https:\/\/www.actualidadadiario.com\/?p=67171"},"modified":"2020-09-28T16:17:59","modified_gmt":"2020-09-28T19:17:59","slug":"coronavirus-en-europa-la-oms-advierte-que-hay-un-pico-superior-al-de-marzo","status":"publish","type":"post","link":"https:\/\/www.actualidadadiario.com\/index.php\/2020\/09\/17\/coronavirus-en-europa-la-oms-advierte-que-hay-un-pico-superior-al-de-marzo\/","title":{"rendered":"Coronavirus en Europa: la OMS advierte que hay un pico superior al de marzo"},"content":{"rendered":"<p style=\"text-align: center;\"><em><strong>El director regional para Europa de la Organizaci\u00f3n Mundial de la Salud (OMS), Hans Kluge, advirti\u00f3 este jueves que existe una \u201csituaci\u00f3n muy seria\u201d con un incremento semanal de casos de coronavirus superior al registrado en el primer pico en marzo. A su vez, mostr\u00f3 su preocupaci\u00f3n por la reducci\u00f3n del tiempo de cuarentena decidida o planeada por algunos pa\u00edses, como Francia<\/strong><\/em><\/p>\n<p>&nbsp;<\/p>\n<p>&nbsp;<\/p>\n<p>En una rueda de prensa para evaluar los \u00faltimos datos relativos a la evoluci\u00f3n de la pandemia en el continente europeo, Kluge precis\u00f3 que los casos registrados en Europa la semana pasada superaron los 300.000.<\/p>\n<p>Debido a esto, la OMS apel\u00f3 este jueves a la \u201ccoherencia regional\u201d ante los \u201calarmantes \u00edndices de contagio\u201d con el coronavirus en Europa y a una acci\u00f3n coordinada para la que considera que todav\u00eda hay margen. En este sentido, la agencia de la ONU descart\u00f3 modificar el tiempo de cuarentena de 14 d\u00edas recomendado para todos aquellos que hayan estado en contacto con el virus.<\/p>\n<p>\u201cNuestra recomendaci\u00f3n de cuarentena de 14 d\u00edas est\u00e1 basada en nuestra comprensi\u00f3n del periodo de incubaci\u00f3n y transmisi\u00f3n de la enfermedad. Solo la revisar\u00edamos en base a un cambio de nuestro conocimiento cient\u00edfico, lo que no es el caso por el momento\u201d, se\u00f1al\u00f3 Catherine Smallwood, a cargo de las situaciones de emergencia en la OMS Europa.<\/p>\n<p>En Francia, la duraci\u00f3n del aislamiento fue acortada a siete d\u00edas en caso de contacto, mientras que en el Reino Unido e Irlanda es de diez d\u00edas. Adem\u00e1s, otros pa\u00edses europeos, como Portugal y Croacia tambi\u00e9n planean acortar sus cuarentenas.<\/p>\n<p>Ante este escenario, Kluge record\u00f3 el \u201cel inmenso impacto individual y social que puede tener una reducci\u00f3n del tiempo, incluso m\u00ednima, de la cuarentena\u201d. \u201cAliento a los pa\u00edses de la regi\u00f3n a seguir el procedimiento cient\u00edfico regular con sus expertos y a explorar opciones seguras de reducci\u00f3n del tiempo\u201d de cuarentena, insisti\u00f3.<\/p>\n<p>La zona europea de la OMS, que abarca 53 pa\u00edses, entre ellos Rusia, registra unos 5 millones de casos oficiales y m\u00e1s de 227.000 muertos de Covid-19, de acuerdo con cifras de la organizaci\u00f3n internacional.<\/p>\n<p>A ra\u00edz de un rebrote de la pandemia, pero tambi\u00e9n por realizar una mayor cantidad de test en comparaci\u00f3n a la ola de marzo-abril, el n\u00famero de casos diarios se encuentra en torno a los 40.000 y 50.000. En la primera ola, el 1\u00ba de abril hab\u00eda marcado un r\u00e9cord de 43.000 contagios, seg\u00fan esos datos.<\/p>\n<p>En tanto, el nuevo r\u00e9cord absoluto diario fue registrado el 11 de septiembre, con unos 54.000 contagios en 24 horas.<\/p>\n","protected":false},"excerpt":{"rendered":"<p>El director regional para Europa de la Organizaci\u00f3n Mundial de la Salud (OMS), Hans Kluge, advirti\u00f3 este jueves que existe una \u201csituaci\u00f3n muy seria\u201d con un incremento semanal de casos de coronavirus superior al registrado en el primer pico en marzo. A su vez, mostr\u00f3 su preocupaci\u00f3n por la reducci\u00f3n del tiempo de cuarentena decidida o planeada por algunos pa\u00edses, como Francia &nbsp; &nbsp; En una rueda de prensa para evaluar los \u00faltimos datos relativos a la evoluci\u00f3n de la pandemia en el continente europeo, Kluge precis\u00f3 que los casos&#8230;<\/p>\n","protected":false},"author":3,"featured_media":66302,"comment_status":"closed","ping_status":"closed","sticky":false,"template":"","format":"standard","meta":[],"categories":[4],"tags":[],"_links":{"self":[{"href":"https:\/\/www.actualidadadiario.com\/index.php\/wp-json\/wp\/v2\/posts\/67171"}],"collection":[{"href":"https:\/\/www.actualidadadiario.com\/index.php\/wp-json\/wp\/v2\/posts"}],"about":[{"href":"https:\/\/www.actualidadadiario.com\/index.php\/wp-json\/wp\/v2\/types\/post"}],"author":[{"embeddable":true,"href":"https:\/\/www.actualidadadiario.com\/index.php\/wp-json\/wp\/v2\/users\/3"}],"replies":[{"embeddable":true,"href":"https:\/\/www.actualidadadiario.com\/index.php\/wp-json\/wp\/v2\/comments?post=67171"}],"version-history":[{"count":1,"href":"https:\/\/www.actualidadadiario.com\/index.php\/wp-json\/wp\/v2\/posts\/67171\/revisions"}],"predecessor-version":[{"id":67172,"href":"https:\/\/www.actualidadadiario.com\/index.php\/wp-json\/wp\/v2\/posts\/67171\/revisions\/67172"}],"wp:featuredmedia":[{"embeddable":true,"href":"https:\/\/www.actualidadadiario.com\/index.php\/wp-json\/wp\/v2\/media\/66302"}],"wp:attachment":[{"href":"https:\/\/www.actualidadadiario.com\/index.php\/wp-json\/wp\/v2\/media?parent=67171"}],"wp:term":[{"taxonomy":"category","embeddable":true,"href":"https:\/\/www.actualidadadiario.com\/index.php\/wp-json\/wp\/v2\/categories?post=67171"},{"taxonomy":"post_tag","embeddable":true,"href":"https:\/\/www.actualidadadiario.com\/index.php\/wp-json\/wp\/v2\/tags?post=67171"}],"curies":[{"name":"wp","href":"https:\/\/api.w.org\/{rel}","templated":true}]}}