{"id":67168,"date":"2020-09-17T12:29:04","date_gmt":"2020-09-17T15:29:04","guid":{"rendered":"https:\/\/www.actualidadadiario.com\/?p=67168"},"modified":"2020-09-28T16:17:59","modified_gmt":"2020-09-28T19:17:59","slug":"francia-cerro-mas-de-80-escuelas-por-rebrotes-de-coronavirus-en-los-primeros-15-dias-de-clases","status":"publish","type":"post","link":"https:\/\/www.actualidadadiario.com\/index.php\/2020\/09\/17\/francia-cerro-mas-de-80-escuelas-por-rebrotes-de-coronavirus-en-los-primeros-15-dias-de-clases\/","title":{"rendered":"Francia cerr\u00f3 m\u00e1s de 80 escuelas por rebrotes de coronavirus en los primeros 15 d\u00edas de clases"},"content":{"rendered":"<p style=\"text-align: center;\"><em><strong>Los alumnos solo asistieron 15 d\u00edas a clases.\u00a0 El ministro de Educaci\u00f3n se\u00f1al\u00f3 que hay &#8220;alrededor de 1.200 nuevos casos de Covid entre los alumnos en comparaci\u00f3n con la semana pasada&#8221;<\/strong><\/em><\/p>\n<p>&nbsp;<\/p>\n<p>&nbsp;<\/p>\n<p>Francia cerr\u00f3 m\u00e1s de 80 escuelas por coronavirus (Covid-19) desde que se reanud\u00f3 el a\u00f1o escolar hace 15 d\u00edas, inform\u00f3 este mi\u00e9rcoles el ministro de Educaci\u00f3n, Jean-Michel Blanquer, mientras que el pa\u00eds sum\u00f3 un nuevo r\u00e9cord con casi 10.000 casos de la enfermedad en las \u00faltimas 24 horas.<\/p>\n<p>&#8220;Tenemos alrededor de 1.200 nuevos casos de Covid entre los alumnos en comparaci\u00f3n con la semana pasada&#8221;, dijo Blanquer en una entrevista con la cadena de noticias LCI.<\/p>\n<p>Asimismo, el ministro subray\u00f3 que los cierres representan s\u00f3lo una peque\u00f1a fracci\u00f3n de las 60.000 escuelas en toda Francia y dijo que el inicio del a\u00f1o escolar &#8220;es el mejor posible&#8221; dada la actual crisis de salud.<\/p>\n<p>En el caso de la educaci\u00f3n superior, tambi\u00e9n se suspendieron las clases presenciales en algunas universidades por los contagios detectados, seg\u00fan la agencia de noticias AFP.<\/p>\n<p>La Universidad de Montpellier, en el sureste del pa\u00eds, anunci\u00f3 que suspendi\u00f3 las clases en la facultad de Medicina luego de que unos 60 estudiantes dieran positivo para el coronavirus tras una fiesta.<\/p>\n<p>La Universidad de Rennes, en el oeste de Francia, tambi\u00e9n suspendi\u00f3 las clases para los estudiantes de segundo y tercer a\u00f1o de Medicina esta semana despu\u00e9s de que 83 resultaran positivos.<\/p>\n<p>En las \u00faltimas 24 horas, Francia report\u00f3 9.784 nuevos contagiados y 46 fallecidos, un n\u00famero que supera ampliamente a los 7.852 reportados durante el martes, inform\u00f3 hoy el Ministerio de Salud, citado por la agencia DPA.<\/p>\n<p>El aumento tambi\u00e9n se not\u00f3 en el n\u00famero de hospitalizaciones, que registra m\u00e1s de 2.700 pacientes actualmente, de los cuales 508 se encuentran en cuidados intensivos, incluidos los 29 que fueron internados en la v\u00edspera.<\/p>\n<p>Francia se prepara para una segunda ola de casos que podr\u00eda llegar este oto\u00f1o, mientras se registran 862 brotes activos de la Covid-19.<\/p>\n<p>El Gobierno puso en alerta roja a 84 de los 101 departamentos del pa\u00eds, que se encuentran en un estado de vulnerabilidad &#8220;moderada o elevada&#8221;, y ciudades como Burdeos y Marsella reforzaron esta semana las restricciones, sobre todo en cuanto a las reuniones p\u00fablicas y las visitas a los hogares de ancianos.<\/p>\n<p>Desde el inicio de la pandemia, Francia acumula 404.888 casos de coronavirus y 31.045 decesos.<\/p>\n","protected":false},"excerpt":{"rendered":"<p>Los alumnos solo asistieron 15 d\u00edas a clases.\u00a0 El ministro de Educaci\u00f3n se\u00f1al\u00f3 que hay &#8220;alrededor de 1.200 nuevos casos de Covid entre los alumnos en comparaci\u00f3n con la semana pasada&#8221; &nbsp; &nbsp; Francia cerr\u00f3 m\u00e1s de 80 escuelas por coronavirus (Covid-19) desde que se reanud\u00f3 el a\u00f1o escolar hace 15 d\u00edas, inform\u00f3 este mi\u00e9rcoles el ministro de Educaci\u00f3n, Jean-Michel Blanquer, mientras que el pa\u00eds sum\u00f3 un nuevo r\u00e9cord con casi 10.000 casos de la enfermedad en las \u00faltimas 24 horas. &#8220;Tenemos alrededor de 1.200 nuevos casos de Covid entre&#8230;<\/p>\n","protected":false},"author":3,"featured_media":67169,"comment_status":"closed","ping_status":"closed","sticky":false,"template":"","format":"standard","meta":[],"categories":[4],"tags":[],"_links":{"self":[{"href":"https:\/\/www.actualidadadiario.com\/index.php\/wp-json\/wp\/v2\/posts\/67168"}],"collection":[{"href":"https:\/\/www.actualidadadiario.com\/index.php\/wp-json\/wp\/v2\/posts"}],"about":[{"href":"https:\/\/www.actualidadadiario.com\/index.php\/wp-json\/wp\/v2\/types\/post"}],"author":[{"embeddable":true,"href":"https:\/\/www.actualidadadiario.com\/index.php\/wp-json\/wp\/v2\/users\/3"}],"replies":[{"embeddable":true,"href":"https:\/\/www.actualidadadiario.com\/index.php\/wp-json\/wp\/v2\/comments?post=67168"}],"version-history":[{"count":1,"href":"https:\/\/www.actualidadadiario.com\/index.php\/wp-json\/wp\/v2\/posts\/67168\/revisions"}],"predecessor-version":[{"id":67170,"href":"https:\/\/www.actualidadadiario.com\/index.php\/wp-json\/wp\/v2\/posts\/67168\/revisions\/67170"}],"wp:featuredmedia":[{"embeddable":true,"href":"https:\/\/www.actualidadadiario.com\/index.php\/wp-json\/wp\/v2\/media\/67169"}],"wp:attachment":[{"href":"https:\/\/www.actualidadadiario.com\/index.php\/wp-json\/wp\/v2\/media?parent=67168"}],"wp:term":[{"taxonomy":"category","embeddable":true,"href":"https:\/\/www.actualidadadiario.com\/index.php\/wp-json\/wp\/v2\/categories?post=67168"},{"taxonomy":"post_tag","embeddable":true,"href":"https:\/\/www.actualidadadiario.com\/index.php\/wp-json\/wp\/v2\/tags?post=67168"}],"curies":[{"name":"wp","href":"https:\/\/api.w.org\/{rel}","templated":true}]}}