{"id":67162,"date":"2020-09-17T12:27:05","date_gmt":"2020-09-17T15:27:05","guid":{"rendered":"https:\/\/www.actualidadadiario.com\/?p=67162"},"modified":"2020-09-28T16:17:59","modified_gmt":"2020-09-28T19:17:59","slug":"la-afi-una-reduccion-al-maximo-de-los-fondos-reservados","status":"publish","type":"post","link":"https:\/\/www.actualidadadiario.com\/index.php\/2020\/09\/17\/la-afi-una-reduccion-al-maximo-de-los-fondos-reservados\/","title":{"rendered":"La AFI: Una reducci\u00f3n al m\u00e1ximo de los fondos reservados"},"content":{"rendered":"<p style=\"text-align: center;\"><em><strong>Cristina Caama\u00f1o redujo a menos del 10 por ciento los fondos secretos. En tiempos de Macri representaban el 99 por ciento<\/strong><\/em><\/p>\n<p>&nbsp;<\/p>\n<p>&nbsp;<\/p>\n<p>Menos de un 10 por ciento del presupuesto de la Agencia Federal de Inteligencia (AFI) ser\u00e1 para gastos reservados, lo que, en la pr\u00e1ctica, significar\u00e1 la contracara de la tendencia que prevaleci\u00f3 en los \u00faltimos cuatro a\u00f1os. Desde 2016, Mauricio Macri volvi\u00f3 secretos los fondos que se manejaban en la exSIDE, lo que favoreci\u00f3 operaciones pol\u00edticas y judiciales, as\u00ed como negociados que actualmente se investigan en, al menos, tres causas en la justicia federal.<\/p>\n<p>Desde la intervenci\u00f3n de la AFI informaron que 348,5 millones de pesos ser\u00e1n destinados el a\u00f1o pr\u00f3ximo a fondos reservados, lo que representa un 9,9 por ciento de los 3.518,7 millones de pesos estimados en gastos para la central de inteligencia, seg\u00fan el presupuesto que el martes gir\u00f3 el gobierno para su tratamiento en el Congreso.<\/p>\n<p>En 2019, cuando todav\u00eda Gustavo Arribas estaba al frente de la Agencia, el 99,5 por ciento de los fondos revest\u00eda el car\u00e1cter de secreto, seg\u00fan estimaciones realizadas desde la intervenci\u00f3n de la exSIDE. S\u00f3lo unos m\u00ednimos gastos como los sueldos de Arribas y su n\u00famero dos, Silvia Majdalani, quedaban fuera de esa l\u00f3gica. Para el resto imperaba el secreto.<\/p>\n<p>Antes de que se cumplieran los seis meses de gobierno, Macri firm\u00f3 el decreto 656, que dejaba a toda la Agencia debajo del paraguas del secreto. Desde el valor del papel que compraban en la exSIDE hasta los acuerdos que firmaban con otros organismos extranjeros era informaci\u00f3n clasificada. Hist\u00f3ricamente los gastos reservados se emplearon para la realizaci\u00f3n de operaciones y, desde el a\u00f1o pasado, el Tribunal Oral Federal (TOF) 2 dio por acreditado que se emplearon esos fondos para pagar una declaraci\u00f3n y desviar la investigaci\u00f3n del m\u00e1s tr\u00e1gico atentado de la historia argentina, el de la AMIA.<\/p>\n<p>Los fondos de la AFI fueron aumentando a\u00f1o a a\u00f1o durante la gesti\u00f3n de Arribas y Silvia Majdalani. En 2016, el presupuesto era de 1449 millones de pesos y, al a\u00f1o siguiente, se produjo un incremento de m\u00e1s del 24 por ciento, lo que lo llev\u00f3 a 1804 millones. En 2018, el dinero destinado a la Agencia super\u00f3 los 2178 millones y en 2019 trep\u00f3 hasta casi los 2700 millones de pesos. Durante este a\u00f1o, la AFI funcion\u00f3 con el presupuesto de 2019. Para el a\u00f1o pr\u00f3ximo, se prev\u00e9 que la administraci\u00f3n de la central de inteligencia cuente con 3518 millones de pesos.<\/p>\n<p>Meses atr\u00e1s, la interventora Cristina Caama\u00f1o redise\u00f1\u00f3 la estructura de la AFI. Elimin\u00f3 el cargo del subdirector de la Agencia, m\u00e1s conocido como el Se\u00f1or o Se\u00f1ora 8, y cre\u00f3 tres secretar\u00edas. Una de ellas es la de Administraci\u00f3n y Apoyo, que concentra tres \u00e1reas especialmente sensibles de la AFI: la administraci\u00f3n financiera, asuntos jur\u00eddicos y recursos humanos. Estas \u00e1reas son las que se consideran administrativas y, en general, han sido dependencia directa del director general de la Agencia. Durante la gesti\u00f3n Arribas, la direcci\u00f3n de Gesti\u00f3n Econ\u00f3mica y Financiera estuvo en manos de Juan Jos\u00e9 Gallea; Asuntos Jur\u00eddicos, de Juan Sebasti\u00e1n De Stefano y Recursos Humanos, de Silvia Gir\u00f3n, la exesposa de Arribas.<\/p>\n<p>Por las compras sin l\u00edmites dentro de los dominios de Gallea, la interventora en la AFI present\u00f3 tres denuncias en el \u00faltimo mes en los tribunales de Comodoro Py. La primera, que tramita en el juzgado que dej\u00f3 vacante Rodolfo Canicoba Corral y subroga Juli\u00e1n Ercolini, est\u00e1 enfocada en las costosas refacciones que orden\u00f3 Arribas a poco de llegar a la AFI. Entre ellas, remodel\u00f3 todo el quinto piso del edificio de 25 de mayo, donde estaba su oficina.<\/p>\n<p>La segunda denuncia tramita en el juzgado de Luis Rodr\u00edguez, quien deleg\u00f3 su instrucci\u00f3n en la fiscal Alejandra M\u00e1ngano. Esta denuncia toma los gastos exorbitantes realizados para una cumbre de esp\u00edas iberoamericanos en el Llao Llao o una jornada de capacitaci\u00f3n de una empresa mexicana para el uso de los pol\u00edgrafos, una innovaci\u00f3n de la gesti\u00f3n Arribas, entre otros hechos.<\/p>\n<p>La tercera presentaci\u00f3n de Caama\u00f1o fue realizada el 8 de septiembre pasado y est\u00e1 manos de la jueza Mar\u00eda Servini, que deber\u00e1 investigar la adquisici\u00f3n sin regirse por ninguna de las normas de la administraci\u00f3n p\u00fablica de una serie de programas inform\u00e1ticos que se usaron tanto al interior de la Agencia as\u00ed como para el relevamiento de fuentes abiertas antes de las cumbres de la Organizaci\u00f3n Mundial del Comercio (OMC) de 2017 y la del G20 de 2018.<\/p>\n<p>Una cuarta causa ilustra tambi\u00e9n el desmanejo financiero y administrativo de la AFI macrista. En ese caso, el juez Daniel Rafecas y el fiscal Ramiro Gonz\u00e1lez investigan la venta de 252 armas a precio irrisorio a los propios integrantes de la Agencia, lo que funcion\u00f3 como un negocio m\u00e1s que interesante para los agentes \u2013-especialmente los de m\u00e1s alto rango que ten\u00edan prioridad a la hora de elegir las pistolas, escopetas o rev\u00f3lveres-\u2013 y una forma de hacer caja por parte de la exSIDE.<\/p>\n","protected":false},"excerpt":{"rendered":"<p>Cristina Caama\u00f1o redujo a menos del 10 por ciento los fondos secretos. En tiempos de Macri representaban el 99 por ciento &nbsp; &nbsp; Menos de un 10 por ciento del presupuesto de la Agencia Federal de Inteligencia (AFI) ser\u00e1 para gastos reservados, lo que, en la pr\u00e1ctica, significar\u00e1 la contracara de la tendencia que prevaleci\u00f3 en los \u00faltimos cuatro a\u00f1os. Desde 2016, Mauricio Macri volvi\u00f3 secretos los fondos que se manejaban en la exSIDE, lo que favoreci\u00f3 operaciones pol\u00edticas y judiciales, as\u00ed como negociados que actualmente se investigan en, al&#8230;<\/p>\n","protected":false},"author":3,"featured_media":67163,"comment_status":"closed","ping_status":"closed","sticky":false,"template":"","format":"standard","meta":[],"categories":[18],"tags":[],"_links":{"self":[{"href":"https:\/\/www.actualidadadiario.com\/index.php\/wp-json\/wp\/v2\/posts\/67162"}],"collection":[{"href":"https:\/\/www.actualidadadiario.com\/index.php\/wp-json\/wp\/v2\/posts"}],"about":[{"href":"https:\/\/www.actualidadadiario.com\/index.php\/wp-json\/wp\/v2\/types\/post"}],"author":[{"embeddable":true,"href":"https:\/\/www.actualidadadiario.com\/index.php\/wp-json\/wp\/v2\/users\/3"}],"replies":[{"embeddable":true,"href":"https:\/\/www.actualidadadiario.com\/index.php\/wp-json\/wp\/v2\/comments?post=67162"}],"version-history":[{"count":1,"href":"https:\/\/www.actualidadadiario.com\/index.php\/wp-json\/wp\/v2\/posts\/67162\/revisions"}],"predecessor-version":[{"id":67164,"href":"https:\/\/www.actualidadadiario.com\/index.php\/wp-json\/wp\/v2\/posts\/67162\/revisions\/67164"}],"wp:featuredmedia":[{"embeddable":true,"href":"https:\/\/www.actualidadadiario.com\/index.php\/wp-json\/wp\/v2\/media\/67163"}],"wp:attachment":[{"href":"https:\/\/www.actualidadadiario.com\/index.php\/wp-json\/wp\/v2\/media?parent=67162"}],"wp:term":[{"taxonomy":"category","embeddable":true,"href":"https:\/\/www.actualidadadiario.com\/index.php\/wp-json\/wp\/v2\/categories?post=67162"},{"taxonomy":"post_tag","embeddable":true,"href":"https:\/\/www.actualidadadiario.com\/index.php\/wp-json\/wp\/v2\/tags?post=67162"}],"curies":[{"name":"wp","href":"https:\/\/api.w.org\/{rel}","templated":true}]}}