{"id":67157,"date":"2020-09-17T12:25:28","date_gmt":"2020-09-17T15:25:28","guid":{"rendered":"https:\/\/www.actualidadadiario.com\/?p=67157"},"modified":"2020-09-28T16:17:59","modified_gmt":"2020-09-28T19:17:59","slug":"el-nuevo-presidente-del-bid-hombre-de-trump-ofrecio-su-ayuda-a-alberto-fernandez-para-negociar-con-el-fmi","status":"publish","type":"post","link":"https:\/\/www.actualidadadiario.com\/index.php\/2020\/09\/17\/el-nuevo-presidente-del-bid-hombre-de-trump-ofrecio-su-ayuda-a-alberto-fernandez-para-negociar-con-el-fmi\/","title":{"rendered":"El nuevo presidente del BID, hombre de Trump, ofreci\u00f3 su ayuda a Alberto Fern\u00e1ndez para negociar con el FMI"},"content":{"rendered":"<p style=\"text-align: center;\"><em><strong>Mauricio Claver-Carone ofreci\u00f3 su colaboraci\u00f3n al Presidente para que la Argentina pueda renegociar la &#8220;deuda heredada&#8221; con el FMI<\/strong><\/em><\/p>\n<p>&nbsp;<\/p>\n<p>&nbsp;<\/p>\n<p>El electo presidente del Banco Interamericano de Desarrollo (BID), Mauricio Claver-Carone, ofreci\u00f3 su colaboraci\u00f3n al presidente Alberto Fern\u00e1ndez para que la Argentina pueda renegociar la &#8220;deuda heredada&#8221; por esta gesti\u00f3n con el Fondo Monetario Internacional (FMI).<\/p>\n<p>El estadounidense Claver-Carone, que asumir\u00e1 su funci\u00f3n el 1 de octubre pr\u00f3ximo, por un per\u00edodo de cinco a\u00f1os, revel\u00f3 en una entrevista con la agencia AFP que se comunic\u00f3 con el presidente argentino para ofrecerle su ayuda en las negociaciones ante el FMI por una deuda de u$s44.000 millones.<\/p>\n<p>&#8220;El presidente Alberto Fern\u00e1ndez no podr\u00e1 llevar a cabo su gesti\u00f3n hasta que pueda desencadenarse de las deudas heredadas&#8221;, se\u00f1al\u00f3 Claver-Carone, quien lleg\u00f3 al BID impulsado por el jefe de Estado de EEUU, Donald Trump.<\/p>\n<p>En este sentido, record\u00f3 que la Argentina &#8220;pudo negociar exitosamente con los acreedores privados&#8221;, y mostr\u00f3 su predisposici\u00f3n &#8220;para ayudar a ajustar el programa del FMI, que se hizo en 2018 en circunstancias muy diferentes&#8221;.<\/p>\n<p>&#8220;Va a ser una negociaci\u00f3n bastante intensa, pero para toda la regi\u00f3n es importante que la Argentina pueda cerrar ese cap\u00edtulo&#8221;, remarc\u00f3.<\/p>\n<p>En cuanto a la abstenci\u00f3n argentina en la Asamblea que decidi\u00f3 ponerlo al frente del BID, aclar\u00f3 que &#8220;los pa\u00edses que se abstuvieron lo hicieron porque consideraban una tradici\u00f3n que el BID fuera presidido por alguien de la regi\u00f3n&#8221;.<\/p>\n<p>&#8220;Habl\u00e9 con los presidentes Alberto Fern\u00e1ndez (Argentina), Sebasti\u00e1n Pi\u00f1era (Chile), Carlos Alvarado (Costa Rica), con el canciller de M\u00e9xico, Marcelo Ebrard, y las conversaciones fueron muy positivas&#8221;, reconoci\u00f3 el titular electo del BID.<\/p>\n<p>En esos di\u00e1logos les propuso una gesti\u00f3n de unidad, a la vez que minimiz\u00f3 la pol\u00e9mica por romper la tradici\u00f3n de la nacionalidad de quien conduce los destinos la organizaci\u00f3n financiera internacional.<\/p>\n<p>&#8220;Les dije que vamos a hacer una gesti\u00f3n unificadora. Y el hecho de que el \u00fanico punto de contienda fuera mi nacionalidad es buen\u00edsimo, porque es lo m\u00e1s f\u00e1cil de dejar atr\u00e1s&#8221;, concluy\u00f3 Mauricio Claver-Carone.<\/p>\n","protected":false},"excerpt":{"rendered":"<p>Mauricio Claver-Carone ofreci\u00f3 su colaboraci\u00f3n al Presidente para que la Argentina pueda renegociar la &#8220;deuda heredada&#8221; con el FMI &nbsp; &nbsp; El electo presidente del Banco Interamericano de Desarrollo (BID), Mauricio Claver-Carone, ofreci\u00f3 su colaboraci\u00f3n al presidente Alberto Fern\u00e1ndez para que la Argentina pueda renegociar la &#8220;deuda heredada&#8221; por esta gesti\u00f3n con el Fondo Monetario Internacional (FMI). El estadounidense Claver-Carone, que asumir\u00e1 su funci\u00f3n el 1 de octubre pr\u00f3ximo, por un per\u00edodo de cinco a\u00f1os, revel\u00f3 en una entrevista con la agencia AFP que se comunic\u00f3 con el presidente argentino&#8230;<\/p>\n","protected":false},"author":3,"featured_media":67158,"comment_status":"closed","ping_status":"closed","sticky":false,"template":"","format":"standard","meta":[],"categories":[18],"tags":[],"_links":{"self":[{"href":"https:\/\/www.actualidadadiario.com\/index.php\/wp-json\/wp\/v2\/posts\/67157"}],"collection":[{"href":"https:\/\/www.actualidadadiario.com\/index.php\/wp-json\/wp\/v2\/posts"}],"about":[{"href":"https:\/\/www.actualidadadiario.com\/index.php\/wp-json\/wp\/v2\/types\/post"}],"author":[{"embeddable":true,"href":"https:\/\/www.actualidadadiario.com\/index.php\/wp-json\/wp\/v2\/users\/3"}],"replies":[{"embeddable":true,"href":"https:\/\/www.actualidadadiario.com\/index.php\/wp-json\/wp\/v2\/comments?post=67157"}],"version-history":[{"count":1,"href":"https:\/\/www.actualidadadiario.com\/index.php\/wp-json\/wp\/v2\/posts\/67157\/revisions"}],"predecessor-version":[{"id":67159,"href":"https:\/\/www.actualidadadiario.com\/index.php\/wp-json\/wp\/v2\/posts\/67157\/revisions\/67159"}],"wp:featuredmedia":[{"embeddable":true,"href":"https:\/\/www.actualidadadiario.com\/index.php\/wp-json\/wp\/v2\/media\/67158"}],"wp:attachment":[{"href":"https:\/\/www.actualidadadiario.com\/index.php\/wp-json\/wp\/v2\/media?parent=67157"}],"wp:term":[{"taxonomy":"category","embeddable":true,"href":"https:\/\/www.actualidadadiario.com\/index.php\/wp-json\/wp\/v2\/categories?post=67157"},{"taxonomy":"post_tag","embeddable":true,"href":"https:\/\/www.actualidadadiario.com\/index.php\/wp-json\/wp\/v2\/tags?post=67157"}],"curies":[{"name":"wp","href":"https:\/\/api.w.org\/{rel}","templated":true}]}}