{"id":67154,"date":"2020-09-17T12:24:44","date_gmt":"2020-09-17T15:24:44","guid":{"rendered":"https:\/\/www.actualidadadiario.com\/?p=67154"},"modified":"2020-09-28T16:17:59","modified_gmt":"2020-09-28T19:17:59","slug":"el-senado-rechazo-los-traslados-de-bruglia-bertuzzi-y-castelli","status":"publish","type":"post","link":"https:\/\/www.actualidadadiario.com\/index.php\/2020\/09\/17\/el-senado-rechazo-los-traslados-de-bruglia-bertuzzi-y-castelli\/","title":{"rendered":"El Senado rechaz\u00f3 los traslados de Bruglia, Bertuzzi y Castelli"},"content":{"rendered":"<p style=\"text-align: center;\"><em><strong>Lo votaron los parlamentarios del Frente de Todos. La oposici\u00f3n se desconect\u00f3 del sistema virtual y abandon\u00f3 la sesi\u00f3n<\/strong><\/em><\/p>\n<p>&nbsp;<\/p>\n<p>&nbsp;<\/p>\n<p>El Senado de la Naci\u00f3n rechaz\u00f3 el traslado de los camaristas Leopoldo Bruglia, Pablo Bertuzzi y Germ\u00e1n Castelli que deber\u00e1n regresar a sus juzgados originales, con el voto un\u00e1nime del Frente de Todos y ante la ausencia de los interbloques de Juntos por el Cambio y Parlamentario Federal, que se desconectaron de la discusi\u00f3n parlamentaria en desacuerdo con la pr\u00f3rroga de las sesiones remotas.<\/p>\n<p>Mientras tanto, lleg\u00f3 a la Corte Suprema de Justicia de la Naci\u00f3n una apelaci\u00f3n, formulada con petici\u00f3n de &#8220;per s\u00e1ltum&#8221; por parte de los tres magistrados, a un recurso de amparo con fallo de rechazo en primera instancia a la pretensi\u00f3n de Bruglia, Bertuzzi y Castelli de que el Senado no analizara sus traslados a otros cargos, dispuestos por el Gobierno del expresidente Mauricio Macri sin acuerdo de la C\u00e1mara Alta del Congreso.<\/p>\n<p>Bruglia y Bertuzzi integraban un Tribunal Oral Federal con sede en Comodoro Py 2002 y, durante el Gobierno de Macri fueron trasladados para cubrir dos vacantes en la C\u00e1mara Federal porte\u00f1a. Ese fuero act\u00faa como primera instancia de revisi\u00f3n de todas las decisiones de los doce juzgados de instrucci\u00f3n, que entre otros delitos federales tramitan causas por corrupci\u00f3n en la funci\u00f3n p\u00fablica, narcotr\u00e1fico y trata de personas.<\/p>\n<p>En tanto, el juez Germ\u00e1n Castelli fue trasladado desde el Tribunal Oral Federal 3 de San Mart\u00edn, el 9 de octubre de 2018, hacia el Tribunal Oral Federal 7 de la Ciudad Aut\u00f3noma de Buenos Aires, que tiene que juzgar la causa abierta a partir de fotocopias de los denominados &#8220;cuadernos de las coimas&#8221; en la obra p\u00fablica.<\/p>\n<p>Luego de la decisi\u00f3n del Senado de rechazar los referidos traslados, Bruglia ir\u00e1 desde la C\u00e1mara del Tribunal Oral en lo Criminal Federal Nro. 4 de la Capital Federal a la C\u00e1mara Nacional de Apelaciones en lo Criminal y Correccional Federal Sala I. Bertuzzi pasar\u00e1 del Tribunal Oral en lo Criminal Federal Nro. 1 de La Plata, provincia de Buenos Aires, al Tribunal Oral en lo Criminal Federal Nro. 4 de la Capital Federal, y de este \u00faltimo a la C\u00e1mara Nacional de Apelaciones en lo Criminal y Correccional Federal Sala I. Finalmente, Castelli ser\u00e1 trasladado desde la C\u00e1mara del Tribunal Oral en lo Criminal Nro. 3 de San Mart\u00edn, provincia de Buenos Aires, al Tribunal Oral en lo Criminal Federal Nro. 7 de la Capital Federal.<\/p>\n<p>La presidenta de la Comisi\u00f3n de Acuerdos del Senado Anabel Fern\u00e1ndez Sagasti, del Frente de Todos, abri\u00f3 el debate diciendo que el traslado de los jueces realizado por el gobierno de Mauricio Macri se hizo para &#8220;perseguir&#8221; y para &#8220;buscar impunidad. Estos tres jueces que se negaron a participar de una audiencia convocada por el Senado demostraron tener un desaire no solo a una fuerza pol\u00edtica, sino al Senado de la Naci\u00f3n, pero sobre todo a la Constituci\u00f3n Nacional que deber\u00edan defender&#8221;, asegur\u00f3 Fern\u00e1ndez Sagasti.<\/p>\n<p>El jefe del bloque del Frente de Todos, Jos\u00e9 Mayans, cuestion\u00f3 los dichos del juez Castelli, quien afirm\u00f3 en declaraciones a la prensa que no iba a reconocer lo que decidiera el Senado. &#8220;Es grav\u00edsimo que un juez haya dicho que no va a acatar lo que decide el Congreso. Desconoce la funci\u00f3n del Parlamento. Es grav\u00edsimo&#8221;, insisti\u00f3.<\/p>\n<p>La oposici\u00f3n se retir\u00f3 del recinto antes de que se trataran los traslados, pero se refirieron al tema cuando, horas antes, se discuti\u00f3 la pr\u00f3rroga de las sesiones por videoconferencia.<\/p>\n<p>&#8220;Cuando la agenda de las personas tiene que ver con la imposici\u00f3n de la agenda p\u00fablica, un pa\u00eds est\u00e1 en problemas. Cuando esa agenda est\u00e1 enmarcada en el af\u00e1n de la revancha, es un problema para el propio Poder Ejecutivo&#8221;, expres\u00f3 el jefe del interbloque de la oposici\u00f3n, Luis Naidenoff.<\/p>\n<p>&#8220;La agenda de hoy es apartar a tres jueces que entienden en causas donde est\u00e1 involucrada la vicepresidenta de la Naci\u00f3n. Lo pueden disfrazar de \u00e9pica, de democratizaci\u00f3n de la justicia. \u00bfEsa es la agenda de la Argentina?&#8221;, se pregunt\u00f3 el porte\u00f1o Mart\u00edn Lousteau.<\/p>\n","protected":false},"excerpt":{"rendered":"<p>Lo votaron los parlamentarios del Frente de Todos. La oposici\u00f3n se desconect\u00f3 del sistema virtual y abandon\u00f3 la sesi\u00f3n &nbsp; &nbsp; El Senado de la Naci\u00f3n rechaz\u00f3 el traslado de los camaristas Leopoldo Bruglia, Pablo Bertuzzi y Germ\u00e1n Castelli que deber\u00e1n regresar a sus juzgados originales, con el voto un\u00e1nime del Frente de Todos y ante la ausencia de los interbloques de Juntos por el Cambio y Parlamentario Federal, que se desconectaron de la discusi\u00f3n parlamentaria en desacuerdo con la pr\u00f3rroga de las sesiones remotas. Mientras tanto, lleg\u00f3 a la&#8230;<\/p>\n","protected":false},"author":3,"featured_media":67155,"comment_status":"closed","ping_status":"closed","sticky":false,"template":"","format":"standard","meta":[],"categories":[18],"tags":[],"_links":{"self":[{"href":"https:\/\/www.actualidadadiario.com\/index.php\/wp-json\/wp\/v2\/posts\/67154"}],"collection":[{"href":"https:\/\/www.actualidadadiario.com\/index.php\/wp-json\/wp\/v2\/posts"}],"about":[{"href":"https:\/\/www.actualidadadiario.com\/index.php\/wp-json\/wp\/v2\/types\/post"}],"author":[{"embeddable":true,"href":"https:\/\/www.actualidadadiario.com\/index.php\/wp-json\/wp\/v2\/users\/3"}],"replies":[{"embeddable":true,"href":"https:\/\/www.actualidadadiario.com\/index.php\/wp-json\/wp\/v2\/comments?post=67154"}],"version-history":[{"count":1,"href":"https:\/\/www.actualidadadiario.com\/index.php\/wp-json\/wp\/v2\/posts\/67154\/revisions"}],"predecessor-version":[{"id":67156,"href":"https:\/\/www.actualidadadiario.com\/index.php\/wp-json\/wp\/v2\/posts\/67154\/revisions\/67156"}],"wp:featuredmedia":[{"embeddable":true,"href":"https:\/\/www.actualidadadiario.com\/index.php\/wp-json\/wp\/v2\/media\/67155"}],"wp:attachment":[{"href":"https:\/\/www.actualidadadiario.com\/index.php\/wp-json\/wp\/v2\/media?parent=67154"}],"wp:term":[{"taxonomy":"category","embeddable":true,"href":"https:\/\/www.actualidadadiario.com\/index.php\/wp-json\/wp\/v2\/categories?post=67154"},{"taxonomy":"post_tag","embeddable":true,"href":"https:\/\/www.actualidadadiario.com\/index.php\/wp-json\/wp\/v2\/tags?post=67154"}],"curies":[{"name":"wp","href":"https:\/\/api.w.org\/{rel}","templated":true}]}}