{"id":67148,"date":"2020-09-17T12:22:54","date_gmt":"2020-09-17T15:22:54","guid":{"rendered":"https:\/\/www.actualidadadiario.com\/?p=67148"},"modified":"2020-09-28T16:17:59","modified_gmt":"2020-09-28T19:17:59","slug":"guzman-el-primer-objetivo-de-las-medidas-del-banco-central-es-dejar-de-perder-reservas","status":"publish","type":"post","link":"https:\/\/www.actualidadadiario.com\/index.php\/2020\/09\/17\/guzman-el-primer-objetivo-de-las-medidas-del-banco-central-es-dejar-de-perder-reservas\/","title":{"rendered":"Guzm\u00e1n: el primer objetivo de las medidas del Banco Central &#8220;es dejar de perder reservas&#8221;"},"content":{"rendered":"<p style=\"text-align: center;\"><em><strong>El ministro de Econom\u00eda explic\u00f3 que el Gobierno quiere &#8220;encarar el problema de forma integral\u201d, por lo que buscan &#8220;facilitar la entrada de capitales&#8221; mediante la eliminaci\u00f3n del parking &#8220;tanto para la entrada de d\u00f3lar MEOP como de d\u00f3lar CCL\u201d<\/strong><\/em><\/p>\n<p>&nbsp;<\/p>\n<p>&nbsp;<\/p>\n<p>El ministro de Econom\u00eda, Mart\u00edn Guzm\u00e1n, afirm\u00f3 que las medidas anunciadas por el Banco Central de la Rep\u00fablica Argentina (BCRA) en materia cambiaria apuntan a encarar el problema de \u201cmanera integral\u201d, que el objetivo es \u201cdejar de perder reservas\u201d para luego abordar un proceso de acumulaci\u00f3n y &#8220;una vez que la Argentina tenga un frente fortalecido&#8221;, transitar \u201chacia otro esquema de regulaci\u00f3n&#8221;.<\/p>\n<p>\u201cLa estabilidad cambiaria es un activo para toda la econom\u00eda\u201d, subray\u00f3 Guzm\u00e1n, tras lo cual se\u00f1al\u00f3 que \u201cprohibir el d\u00f3lar ahorro no es la soluci\u00f3n, eso era una medida para aguantar, eso era ir a encarar un solo problema de forma aislada. Este Gobierno quiere encarar el problema de manera integral\u201d.<\/p>\n<p>En un contacto que mantuvo con medios period\u00edsticos, el ministro dijo que una de las decisiones fue \u201cencarecer el d\u00f3lar ahorro\u201d al mismo tiempo que el Banco Central sali\u00f3 a anunciar \u201cun esquema que incentiva a las empresas para reestructurar sus activos en d\u00f3lares\u201d.<\/p>\n<p>Agreg\u00f3 que a esto se sumaron medidas para facilitar \u201cla entrada de capitales eliminando el parking tanto para la entrada de d\u00f3lar MEP como de d\u00f3lar CCL\u201d.<\/p>\n<p>\u201cEn lo inmediato esta medidas se tienen que entender, por eso seguramente hay cierta ansiedad y nosotros buscamos disipar las dudas. En los primeros meses esperamos que frene el drenaje de reservas, luego, m\u00e1s adelante, buscamos que se empiecen a acumular reservas. El objetivo, para empezar, es dejar de perder reservas, para luego acumular y una vez que la Argentina tenga un frente fortalecido, ah\u00ed si buscaremos transitar hacia otro esquema de regulaci\u00f3n de la cuenta de capital\u201d, subray\u00f3.<\/p>\n<p>&nbsp;<\/p>\n<p><strong>El precio del d\u00f3lar blue<\/strong><\/p>\n<p>Respecto al comportamiento del d\u00f3lar blue hoy, que cerr\u00f3 en torno a $145, el ministro dijo que el Gobierno &#8220;no observa al d\u00f3lar blue como un tipo de cambio de referencia para los precios&#8221;.<\/p>\n<p>\u201cEl Banco Central tiene que velar por la estabilidad cambiaria y estaba enfrentando problemas en el frente de las reservas internacionales, por razones de demanda y por razones de oferta\u201d, se\u00f1al\u00f3.<\/p>\n<p>En ese sentido, el ministro subray\u00f3 que \u201cpor razones de demanda enfrentaba la p\u00e9rdida de reservas por d\u00f3lar ahorro y por el hecho de que las empresas que tienen una deuda financiera en d\u00f3lares, que creci\u00f3 brutalmente, no ten\u00edan incentivo a refinanciar esas deudas en d\u00f3lares tomando prestado d\u00f3lares\u201d.<\/p>\n","protected":false},"excerpt":{"rendered":"<p>El ministro de Econom\u00eda explic\u00f3 que el Gobierno quiere &#8220;encarar el problema de forma integral\u201d, por lo que buscan &#8220;facilitar la entrada de capitales&#8221; mediante la eliminaci\u00f3n del parking &#8220;tanto para la entrada de d\u00f3lar MEOP como de d\u00f3lar CCL\u201d &nbsp; &nbsp; El ministro de Econom\u00eda, Mart\u00edn Guzm\u00e1n, afirm\u00f3 que las medidas anunciadas por el Banco Central de la Rep\u00fablica Argentina (BCRA) en materia cambiaria apuntan a encarar el problema de \u201cmanera integral\u201d, que el objetivo es \u201cdejar de perder reservas\u201d para luego abordar un proceso de acumulaci\u00f3n y &#8220;una&#8230;<\/p>\n","protected":false},"author":3,"featured_media":67149,"comment_status":"closed","ping_status":"closed","sticky":false,"template":"","format":"standard","meta":[],"categories":[18],"tags":[],"_links":{"self":[{"href":"https:\/\/www.actualidadadiario.com\/index.php\/wp-json\/wp\/v2\/posts\/67148"}],"collection":[{"href":"https:\/\/www.actualidadadiario.com\/index.php\/wp-json\/wp\/v2\/posts"}],"about":[{"href":"https:\/\/www.actualidadadiario.com\/index.php\/wp-json\/wp\/v2\/types\/post"}],"author":[{"embeddable":true,"href":"https:\/\/www.actualidadadiario.com\/index.php\/wp-json\/wp\/v2\/users\/3"}],"replies":[{"embeddable":true,"href":"https:\/\/www.actualidadadiario.com\/index.php\/wp-json\/wp\/v2\/comments?post=67148"}],"version-history":[{"count":2,"href":"https:\/\/www.actualidadadiario.com\/index.php\/wp-json\/wp\/v2\/posts\/67148\/revisions"}],"predecessor-version":[{"id":67151,"href":"https:\/\/www.actualidadadiario.com\/index.php\/wp-json\/wp\/v2\/posts\/67148\/revisions\/67151"}],"wp:featuredmedia":[{"embeddable":true,"href":"https:\/\/www.actualidadadiario.com\/index.php\/wp-json\/wp\/v2\/media\/67149"}],"wp:attachment":[{"href":"https:\/\/www.actualidadadiario.com\/index.php\/wp-json\/wp\/v2\/media?parent=67148"}],"wp:term":[{"taxonomy":"category","embeddable":true,"href":"https:\/\/www.actualidadadiario.com\/index.php\/wp-json\/wp\/v2\/categories?post=67148"},{"taxonomy":"post_tag","embeddable":true,"href":"https:\/\/www.actualidadadiario.com\/index.php\/wp-json\/wp\/v2\/tags?post=67148"}],"curies":[{"name":"wp","href":"https:\/\/api.w.org\/{rel}","templated":true}]}}