{"id":67146,"date":"2020-09-17T12:22:04","date_gmt":"2020-09-17T15:22:04","guid":{"rendered":"https:\/\/www.actualidadadiario.com\/?p=67146"},"modified":"2020-09-28T16:17:59","modified_gmt":"2020-09-28T19:17:59","slug":"avanza-el-proyecto-de-aporte-de-las-grandes-fortunas","status":"publish","type":"post","link":"https:\/\/www.actualidadadiario.com\/index.php\/2020\/09\/17\/avanza-el-proyecto-de-aporte-de-las-grandes-fortunas\/","title":{"rendered":"Avanza el proyecto de aporte de las grandes fortunas"},"content":{"rendered":"<p style=\"text-align: center;\"><em><strong>El debate se inici\u00f3 en la Comisi\u00f3n de Presupuesto y Hacienda en Diputados. El oficialista Carlos Heller, uno de los autores de la iniciativa, sostuvo que los ciudadanos alcanzados &#8220;son entre 10 mil y 12 mil&#8221;<\/strong><\/em><\/p>\n<p>&nbsp;<\/p>\n<p>&nbsp;<\/p>\n<p>El oficialismo dio inicio este mi\u00e9rcoles al debate del proyecto de ley que propone una contribuci\u00f3n extraordinaria de las personas que tengan bienes declarados hasta el 31 de diciembre del 2019 por m\u00e1s de 200 millones de pesos.<\/p>\n<p>La iniciativa se trat\u00f3 con mucha moderaci\u00f3n en la Comisi\u00f3n de Presupuesto y Hacienda, presidida por Carlos Heller, que se comprometi\u00f3 a convocar para la pr\u00f3xima reuni\u00f3n a la titular de la AFIP, Mercedes Marc\u00f3 del Pont, para que explique los alcances de la iniciativa. Lo hizo tras un pedido de los diputados de Juntos por el Cambio.<\/p>\n<p>Heller aclar\u00f3 que las personas alcanzadas por el aporte solidario a las grandes fortunas ser\u00e1n menos que las previstas. &#8220;Estimamos que el n\u00famero va a estar m\u00e1s cerca de 10.000 que de 12.000\u201d, se\u00f1al\u00f3, al tiempo que aclar\u00f3 que \u201chasta que no est\u00e9n todas las declaraciones juradas del 2019 no vamos a tener una cifra cierta alcanzadas por los rangos que hemos propuesto\u201d.<\/p>\n<p>En la redacci\u00f3n del proyecto se agreg\u00f3 que, si una persona que tiene declarados bienes en el exterior acepta repatriar el 30% de esas tenencias financieras, todos los bienes quedar\u00e1n exceptuados de la al\u00edcuota diferencial del 50 por ciento que se establece en el texto.<\/p>\n<p>El titular de la comisi\u00f3n record\u00f3 que la iniciativa propone una al\u00edcuota del 2% que asciende gradualmente hasta llegar al 3,5% para quienes tienen declaraciones de Bienes Personales superiores a los 3.000 millones de pesos. En cuanto al destino de lo recaudado, Heller especific\u00f3 que un 20% ser\u00e1 para equipamiento m\u00e9dico; otro 20 para subsidios a las MiPyMEs; otro\u00a0 20 para el programa Progresar; un 15 para la urbanizaci\u00f3n de barrios populares; y un 25 por ciento para la exploraci\u00f3n, desarrollo y producci\u00f3n de gas natural.<\/p>\n<p>Entre las principales cr\u00edticas de la oposici\u00f3n prim\u00f3 la discusi\u00f3n sem\u00e1ntica del t\u00edtulo, si es un impuesto o un aporte. El primer cruce fue entre Heller y el radical Ricardo Buryaile. \u201cNo es un impuesto. Es un aporte diputado, disculpe que lo corrija\u201d, lo interrumpi\u00f3 en su alocuci\u00f3n el presidente de la comisi\u00f3n. Y Buryaile aclar\u00f3; \u201cEn la legislaci\u00f3n tributaria no existe el concepto de aporte; s\u00ed existen impuestos, tasas y contribuciones\u201d. Luego especific\u00f3: \u201cSi es un aporte puede ser voluntario\u201d. El debate finaliz\u00f3 con Heller anunciando que se corregir\u00e1 el proyecto aclarando que el aporte ser\u00e1 \u201cobligatorio\u201d, para evitar distintas interpretaciones.<\/p>\n<p>Por su parte, el tambi\u00e9n radical Jos\u00e9 Cano cuestion\u00f3 que la iniciativa sigue \u201cavalando que la centralidad de recursos est\u00e9 en el gobierno nacional y no se coparticipe a las provincias\u201d. \u201cMe llama la atenci\u00f3n que este fondo que se crea no sea coparticipable en virtud de las dificultades que tienen las provincias; tambi\u00e9n me sorprende el 20 por ciento para el Ministerio de Salud de la Naci\u00f3n, d\u00e1ndole centralidad para la compra de equipamiento cuando la verdad es que estos recursos lo deber\u00edan administrar los sistemas de salud p\u00fablica de las provincias\u201d, agreg\u00f3.<\/p>\n<p>Facundo Suarez Lastra (UCR) cambi\u00f3 de tema y cuestion\u00f3 la medida del Banco Central que intenta incentivar el ahorro en pesos para quitarle presi\u00f3n al d\u00f3lar. \u201cAtentar contra el ahorro en la Argentina es jugar a favor de los que se pueden endeudar o enriquecer. Cuando no hay ahorro que permita que se invierta, que se genere empleo, pasa lo que pasa en el pa\u00eds y esta ley es una mala se\u00f1al\u201d.<\/p>\n<p>En defensa el proyecto, la diputada del oficialismo Fernanda Vallejos vincul\u00f3 el aporte extraordinario con la desregulaci\u00f3n financiera y con la evasi\u00f3n, el fraude fiscal y la fuga de capitales de los sectores m\u00e1s ricos. \u201cEl 80% de la riqueza declarada por el universo de contribuyentes abarcados por el aporte extraordinario est\u00e1 en el exterior\u201d, precis\u00f3. \u201cSignifica que los 12.000 m\u00e1s ricos de Argentina mantienen el 80% de la fortuna que declaran fuera del pa\u00eds\u201d.<\/p>\n<p>La legisladora -que colabor\u00f3 en la elaboraci\u00f3n del proyecto- destac\u00f3 que\u00a0 debates de este tipo de medidas se instalaron con fuerza en Espa\u00f1a, Italia, Suiza, India, Per\u00fa y Brasil, entre varios otros pa\u00edses, con distintas caracter\u00edsticas. \u201cEs dif\u00edcil oponerse a un aporte que rescata conceptos que se est\u00e1n discutiendo en todo el mundo\u201d.<\/p>\n<p>Si bien quedaron muchos oradores en la lista, no se escuch\u00f3 la voz de los diputados del PRO. Por eso se defini\u00f3 continuar la discusi\u00f3n en una nueva reuni\u00f3n convocada para el lunes a las 16.30. El Frente de Todos intentar\u00e1 firmar dictamen ese d\u00eda y garantizar la presencia de Marco del Pont. Si bien quedaron muchos oradores en la lista, no se escuch\u00f3 la voz de los diputados del PRO. Por eso se defini\u00f3 continuar la discusi\u00f3n en una nueva reuni\u00f3n convocada para el lunes a las 16.30. El Frente de Todos intentar\u00e1 firmar dictamen ese d\u00eda y garantizar la presencia de Marco del Pont.<\/p>\n","protected":false},"excerpt":{"rendered":"<p>El debate se inici\u00f3 en la Comisi\u00f3n de Presupuesto y Hacienda en Diputados. El oficialista Carlos Heller, uno de los autores de la iniciativa, sostuvo que los ciudadanos alcanzados &#8220;son entre 10 mil y 12 mil&#8221; &nbsp; &nbsp; El oficialismo dio inicio este mi\u00e9rcoles al debate del proyecto de ley que propone una contribuci\u00f3n extraordinaria de las personas que tengan bienes declarados hasta el 31 de diciembre del 2019 por m\u00e1s de 200 millones de pesos. La iniciativa se trat\u00f3 con mucha moderaci\u00f3n en la Comisi\u00f3n de Presupuesto y Hacienda,&#8230;<\/p>\n","protected":false},"author":3,"featured_media":67015,"comment_status":"closed","ping_status":"closed","sticky":false,"template":"","format":"standard","meta":[],"categories":[9],"tags":[],"_links":{"self":[{"href":"https:\/\/www.actualidadadiario.com\/index.php\/wp-json\/wp\/v2\/posts\/67146"}],"collection":[{"href":"https:\/\/www.actualidadadiario.com\/index.php\/wp-json\/wp\/v2\/posts"}],"about":[{"href":"https:\/\/www.actualidadadiario.com\/index.php\/wp-json\/wp\/v2\/types\/post"}],"author":[{"embeddable":true,"href":"https:\/\/www.actualidadadiario.com\/index.php\/wp-json\/wp\/v2\/users\/3"}],"replies":[{"embeddable":true,"href":"https:\/\/www.actualidadadiario.com\/index.php\/wp-json\/wp\/v2\/comments?post=67146"}],"version-history":[{"count":1,"href":"https:\/\/www.actualidadadiario.com\/index.php\/wp-json\/wp\/v2\/posts\/67146\/revisions"}],"predecessor-version":[{"id":67147,"href":"https:\/\/www.actualidadadiario.com\/index.php\/wp-json\/wp\/v2\/posts\/67146\/revisions\/67147"}],"wp:featuredmedia":[{"embeddable":true,"href":"https:\/\/www.actualidadadiario.com\/index.php\/wp-json\/wp\/v2\/media\/67015"}],"wp:attachment":[{"href":"https:\/\/www.actualidadadiario.com\/index.php\/wp-json\/wp\/v2\/media?parent=67146"}],"wp:term":[{"taxonomy":"category","embeddable":true,"href":"https:\/\/www.actualidadadiario.com\/index.php\/wp-json\/wp\/v2\/categories?post=67146"},{"taxonomy":"post_tag","embeddable":true,"href":"https:\/\/www.actualidadadiario.com\/index.php\/wp-json\/wp\/v2\/tags?post=67146"}],"curies":[{"name":"wp","href":"https:\/\/api.w.org\/{rel}","templated":true}]}}