{"id":67143,"date":"2020-09-17T12:20:06","date_gmt":"2020-09-17T15:20:06","guid":{"rendered":"https:\/\/www.actualidadadiario.com\/?p=67143"},"modified":"2020-09-28T16:17:59","modified_gmt":"2020-09-28T19:17:59","slug":"alberto-fernandez-los-dolares-hacen-falta-para-producir-no-para-guardar","status":"publish","type":"post","link":"https:\/\/www.actualidadadiario.com\/index.php\/2020\/09\/17\/alberto-fernandez-los-dolares-hacen-falta-para-producir-no-para-guardar\/","title":{"rendered":"Alberto Fern\u00e1ndez: &#8220;Los d\u00f3lares hacen falta para producir, no para guardar&#8221;"},"content":{"rendered":"<p style=\"text-align: center;\"><em><strong>El presidente dijo que hay &#8220;una l\u00f3gica de la econom\u00eda que ya no promueve m\u00e1s la especulaci\u00f3n y quiere que el d\u00f3lar deje de ser un mecanismo&#8221; para que algunos acumulen, al presentar el Plan Nacional de Conectividad &#8220;Conectar&#8221;<\/strong><\/em><\/p>\n<p>&nbsp;<\/p>\n<p>&nbsp;<\/p>\n<p>El presidente Alberto Fern\u00e1ndez sostuvo que en el pa\u00eds &#8220;los d\u00f3lares hacen falta para producir, no para guardar&#8221;, y plante\u00f3 la necesidad de que el &#8220;d\u00f3lar deje de ser un mecanismo de especulaci\u00f3n y una variable para que algunos acumulen&#8221;.<\/p>\n<p>&#8220;Tenemos una l\u00f3gica de la econom\u00eda que ya no promueve m\u00e1s la especulaci\u00f3n y quiere que el d\u00f3lar deje de ser un mecanismo de especulaci\u00f3n, una variable para que algunos acumulen d\u00f3lares, en un pa\u00eds donde hacen falta para producir no para guardar&#8221;, indic\u00f3 el mandatario.<\/p>\n<p>As\u00ed lo afirm\u00f3 al encabezar la presentaci\u00f3n del Plan Nacional de Conectividad &#8220;Conectar&#8221;, en la sede central de Arsat, en Benav\u00eddez. En ese marco, el mandatario plante\u00f3 que el pa\u00eds que imagin\u00f3 en 2003 con N\u00e9stor Kirchner &#8220;todav\u00eda tiene deudas pendientes&#8221; y no lograron concluirlo porque &#8220;en el medio hubo cuatro a\u00f1os donde todo se paraliz\u00f3 y se favoreci\u00f3 la desintegraci\u00f3n&#8221;, en referencia a la gesti\u00f3n de Cambiemos.<\/p>\n<p>Asimismo insisti\u00f3 en que no cree en la &#8220;meritocracia&#8221; y sostuvo que, &#8220;si algunos tenemos mejores condiciones, el m\u00e9rito no alcanza y eso no lo podemos permitir&#8221;. Y agreg\u00f3: &#8220;Hubo cuatro a\u00f1os donde todo se paraliz\u00f3 y se favoreci\u00f3 la desintegraci\u00f3n&#8221;. Finalmente consider\u00f3: &#8220;Ayer los diarios titulaban &#8216;Alberto piensa que el m\u00e9rito no sirve para progresar&#8217;. Yo no digo semejante imbecilidad. No creo en la meritocracia. Si algunos tenemos mejores condiciones, el m\u00e9rito no alcanza, y es all\u00ed donde el m\u00e1s tonto de los ricos tiene m\u00e1s posibilidades que el m\u00e1s inteligente de los pobres y eso no lo podemos permitir&#8221;.<\/p>\n","protected":false},"excerpt":{"rendered":"<p>El presidente dijo que hay &#8220;una l\u00f3gica de la econom\u00eda que ya no promueve m\u00e1s la especulaci\u00f3n y quiere que el d\u00f3lar deje de ser un mecanismo&#8221; para que algunos acumulen, al presentar el Plan Nacional de Conectividad &#8220;Conectar&#8221; &nbsp; &nbsp; El presidente Alberto Fern\u00e1ndez sostuvo que en el pa\u00eds &#8220;los d\u00f3lares hacen falta para producir, no para guardar&#8221;, y plante\u00f3 la necesidad de que el &#8220;d\u00f3lar deje de ser un mecanismo de especulaci\u00f3n y una variable para que algunos acumulen&#8221;. &#8220;Tenemos una l\u00f3gica de la econom\u00eda que ya no&#8230;<\/p>\n","protected":false},"author":3,"featured_media":67144,"comment_status":"closed","ping_status":"closed","sticky":false,"template":"","format":"standard","meta":[],"categories":[9],"tags":[],"_links":{"self":[{"href":"https:\/\/www.actualidadadiario.com\/index.php\/wp-json\/wp\/v2\/posts\/67143"}],"collection":[{"href":"https:\/\/www.actualidadadiario.com\/index.php\/wp-json\/wp\/v2\/posts"}],"about":[{"href":"https:\/\/www.actualidadadiario.com\/index.php\/wp-json\/wp\/v2\/types\/post"}],"author":[{"embeddable":true,"href":"https:\/\/www.actualidadadiario.com\/index.php\/wp-json\/wp\/v2\/users\/3"}],"replies":[{"embeddable":true,"href":"https:\/\/www.actualidadadiario.com\/index.php\/wp-json\/wp\/v2\/comments?post=67143"}],"version-history":[{"count":1,"href":"https:\/\/www.actualidadadiario.com\/index.php\/wp-json\/wp\/v2\/posts\/67143\/revisions"}],"predecessor-version":[{"id":67145,"href":"https:\/\/www.actualidadadiario.com\/index.php\/wp-json\/wp\/v2\/posts\/67143\/revisions\/67145"}],"wp:featuredmedia":[{"embeddable":true,"href":"https:\/\/www.actualidadadiario.com\/index.php\/wp-json\/wp\/v2\/media\/67144"}],"wp:attachment":[{"href":"https:\/\/www.actualidadadiario.com\/index.php\/wp-json\/wp\/v2\/media?parent=67143"}],"wp:term":[{"taxonomy":"category","embeddable":true,"href":"https:\/\/www.actualidadadiario.com\/index.php\/wp-json\/wp\/v2\/categories?post=67143"},{"taxonomy":"post_tag","embeddable":true,"href":"https:\/\/www.actualidadadiario.com\/index.php\/wp-json\/wp\/v2\/tags?post=67143"}],"curies":[{"name":"wp","href":"https:\/\/api.w.org\/{rel}","templated":true}]}}