{"id":67141,"date":"2020-09-17T12:19:18","date_gmt":"2020-09-17T15:19:18","guid":{"rendered":"https:\/\/www.actualidadadiario.com\/?p=67141"},"modified":"2020-09-28T16:17:59","modified_gmt":"2020-09-28T19:17:59","slug":"coronavirus-informan-113-nuevos-fallecimientos-y-11-674-casos-positivos","status":"publish","type":"post","link":"https:\/\/www.actualidadadiario.com\/index.php\/2020\/09\/17\/coronavirus-informan-113-nuevos-fallecimientos-y-11-674-casos-positivos\/","title":{"rendered":"Coronavirus: informan 113 nuevos fallecimientos y 11.674 casos positivos"},"content":{"rendered":"<p style=\"text-align: center;\"><em><strong>Con los nuevos datos, la cifra de muertos se elev\u00f3 a 12.229 desde marzo pasado, con una tasa de mortalidad de 267 personas cada mill\u00f3n de habitantes y de letalidad del 2,1% sobre los casos confirmados<\/strong><\/em><\/p>\n<p>&nbsp;<\/p>\n<p>&nbsp;<\/p>\n<p>El Ministerio de Salud inform\u00f3 esta ma\u00f1ana 113 nuevos fallecimientos por coronavirus en el pa\u00eds, lo que elev\u00f3 a 12.229 la cifra de muertos desde marzo pasado, con una tasa de mortalidad de 267 personas cada mill\u00f3n de habitantes y de letalidad del 2,1% sobre los casos confirmados.<\/p>\n<p>En el reporte oficial se indic\u00f3, adem\u00e1s, que fueron 11.674 los positivos de Covid-19 que se reportaron ayer en la Argentina y 589.012 el total de infectados hasta el momento, con un promedio diario en los \u00faltimos siete d\u00edas de 10.096.<\/p>\n<p>Al encabezar esta ma\u00f1ana el reporte diario de la cartera sanitaria, la secretaria de Acceso a la Salud, Carla Vizzotti, coment\u00f3 que ayer se realiz\u00f3 una reuni\u00f3n del comit\u00e9 de expertos con el ministro Gin\u00e9s Gonz\u00e1lez Garc\u00eda y que la recomendaci\u00f3n fue insistir sobre la necesidad de cumplir con los protocolos a la hora de realizar salidas autorizadas.<\/p>\n<p>&#8220;En el pa\u00eds hay un n\u00famero importante de salidas autorizadas, de actividades autorizadas y lo m\u00e1s importante es realizar esas salidas y actividades con los protocolos para mantener estable los lugares que est\u00e1n estables, e inclusive disminuirlos, y poder controlar el aumento donde no est\u00e1 controlado&#8221;, se\u00f1al\u00f3 la funcionaria.<\/p>\n<p>En tanto, se inform\u00f3 que un total de 3.118 personas cursan la enfermedad en unidades de terapia intensiva en todo el pa\u00eds, 56,1% en el \u00c1rea Metropolitana de Buenos Aires (AMBA), 16% en C\u00f3rdoba y 3,6% en Santa Fe.<\/p>\n<p>Esto se traduce en 1.481 personas internadas en camas cr\u00edticas de la provincia de Buenos Aires, 500 en C\u00f3rdoba, 269 en la Ciudad, 113 en Santa Fe, 104 en Mendoza, 101 en La Rioja, 94 en Tucum\u00e1n, 93 en Neuqu\u00e9n, 87 en R\u00edo Negro y 99 en Salta.<\/p>\n<p>La ocupaci\u00f3n de camas de cuidados intensivos, m\u00e1s all\u00e1 de la dolencia que explique la internaci\u00f3n del paciente, a nivel nacional promedia el 59,9%, mientras que en el AMBA llega al 68,2%.<\/p>\n<p>&#8220;Cuando vemos a nivel global provincial, en R\u00edo Negro (la ocupaci\u00f3n de camas de terapia) es del 87%, Salta 83%, Neuqu\u00e9n y Mendoza 76%, Jujuy y Tucum\u00e1n 75%, Ciudad de Buenos Aires 72% y Santa Fe 70%&#8221;, se\u00f1al\u00f3 la funcionaria.<\/p>\n<p>En ese sentido, dijo que existe tensi\u00f3n en el departamento rionegrino de General Roca; en Oran, Tartagal y Salta capital; en Neuqu\u00e9n capital y en el \u00e1rea metropolitana de Mendoza, en la provincia de Jujuy; mientras que en el AMBA, la tensi\u00f3n es &#8220;estable pero, al ser sostenida, genera preocupaci\u00f3n&#8221;.<\/p>\n<p>El indicador que mide la cantidad de positivos sobre test realizados ayer se ubic\u00f3 en 46,7% a nivel nacional, 35% en la Ciudad de Buenos Aires y 47,5% en la provincia de Buenos Aires.<\/p>\n<p>Desde el \u00faltimo reporte emitido, se registr\u00f3 la muerte de 65 varones y 48 mujeres, y entre las jurisdicciones que m\u00e1s fallecidos reportaron se encuentran la provincia de Buenos Aires, con 62; Jujuy con 11 y la Ciudad de Buenos Aires con 7.<\/p>\n<p>Los pacientes que recibieron el alta son 456.347, cifra que se corresponde con el 77,4% de los casos reportados desde el inicio de la pandemia, en marzo pasado.<\/p>\n","protected":false},"excerpt":{"rendered":"<p>Con los nuevos datos, la cifra de muertos se elev\u00f3 a 12.229 desde marzo pasado, con una tasa de mortalidad de 267 personas cada mill\u00f3n de habitantes y de letalidad del 2,1% sobre los casos confirmados &nbsp; &nbsp; El Ministerio de Salud inform\u00f3 esta ma\u00f1ana 113 nuevos fallecimientos por coronavirus en el pa\u00eds, lo que elev\u00f3 a 12.229 la cifra de muertos desde marzo pasado, con una tasa de mortalidad de 267 personas cada mill\u00f3n de habitantes y de letalidad del 2,1% sobre los casos confirmados. En el reporte oficial&#8230;<\/p>\n","protected":false},"author":3,"featured_media":65468,"comment_status":"closed","ping_status":"closed","sticky":false,"template":"","format":"standard","meta":[],"categories":[2],"tags":[],"_links":{"self":[{"href":"https:\/\/www.actualidadadiario.com\/index.php\/wp-json\/wp\/v2\/posts\/67141"}],"collection":[{"href":"https:\/\/www.actualidadadiario.com\/index.php\/wp-json\/wp\/v2\/posts"}],"about":[{"href":"https:\/\/www.actualidadadiario.com\/index.php\/wp-json\/wp\/v2\/types\/post"}],"author":[{"embeddable":true,"href":"https:\/\/www.actualidadadiario.com\/index.php\/wp-json\/wp\/v2\/users\/3"}],"replies":[{"embeddable":true,"href":"https:\/\/www.actualidadadiario.com\/index.php\/wp-json\/wp\/v2\/comments?post=67141"}],"version-history":[{"count":1,"href":"https:\/\/www.actualidadadiario.com\/index.php\/wp-json\/wp\/v2\/posts\/67141\/revisions"}],"predecessor-version":[{"id":67142,"href":"https:\/\/www.actualidadadiario.com\/index.php\/wp-json\/wp\/v2\/posts\/67141\/revisions\/67142"}],"wp:featuredmedia":[{"embeddable":true,"href":"https:\/\/www.actualidadadiario.com\/index.php\/wp-json\/wp\/v2\/media\/65468"}],"wp:attachment":[{"href":"https:\/\/www.actualidadadiario.com\/index.php\/wp-json\/wp\/v2\/media?parent=67141"}],"wp:term":[{"taxonomy":"category","embeddable":true,"href":"https:\/\/www.actualidadadiario.com\/index.php\/wp-json\/wp\/v2\/categories?post=67141"},{"taxonomy":"post_tag","embeddable":true,"href":"https:\/\/www.actualidadadiario.com\/index.php\/wp-json\/wp\/v2\/tags?post=67141"}],"curies":[{"name":"wp","href":"https:\/\/api.w.org\/{rel}","templated":true}]}}