{"id":67134,"date":"2020-09-17T12:16:49","date_gmt":"2020-09-17T15:16:49","guid":{"rendered":"https:\/\/www.actualidadadiario.com\/?p=67134"},"modified":"2020-09-28T16:18:00","modified_gmt":"2020-09-28T19:18:00","slug":"se-reglamento-la-ley-silvio-para-proteccion-del-personal-de-salud","status":"publish","type":"post","link":"https:\/\/www.actualidadadiario.com\/index.php\/2020\/09\/17\/se-reglamento-la-ley-silvio-para-proteccion-del-personal-de-salud\/","title":{"rendered":"Se reglament\u00f3 la ley Silvio para protecci\u00f3n del personal de salud"},"content":{"rendered":"<p style=\"text-align: center;\"><em><strong>El Gobierno aprob\u00f3 este jueves la reglamentaci\u00f3n del Programa de Protecci\u00f3n al Personal de Salud ante la pandemia de coronavirus, con el fin de proteger la vida y la salud de trabajadores y voluntarios que \u201ccumplen con actividades y servicios esenciales durante la emergencia sanitaria causada por la pandemia de coronavirus\u201d<\/strong><\/em><\/p>\n<p>&nbsp;<\/p>\n<p>&nbsp;<\/p>\n<p>El programa est\u00e1 contenido en la ley 27.548 y fue denominada \u201cley Silvio\u201d en homenaje a Silvio Cufr\u00e9, el enfermero de 47 a\u00f1os que trabajaba en Alejandro Korn y fue el primer agente de salud del pa\u00eds que muri\u00f3 en el marco de la lucha contra la pandemia.<\/p>\n<p>La normativa, sancionada en mayo, fue reglamentada a trav\u00e9s del Decreto 747\/2020 que lleva la firma del presidente Alberto Fern\u00e1ndez; del jefe de Gabinete, Santiago Cafiero y del ministro de Salud, Gin\u00e9s Gonz\u00e1lez Garc\u00eda.<\/p>\n<p>La ley crea el programa para prevenir el contagio entre los planteles que desempe\u00f1en funciones en establecimientos de salud de gesti\u00f3n p\u00fablica o privada, y entre los trabajadores, las trabajadoras, voluntarios y voluntarias que prestan servicios esenciales durante la emergencia sanitaria.<\/p>\n<p>Establece adem\u00e1s la realizaci\u00f3n de las acciones necesarias de rector\u00eda, coordinaci\u00f3n y articulaci\u00f3n junto con los diferentes niveles jurisdiccionales, e impulsa procedimientos de cuidado en el trabajo y acompa\u00f1amiento a cada trabajador\/a con entrenamiento y capacitaci\u00f3n en el uso adecuado de los elementos de protecci\u00f3n.<\/p>\n<p>El Ministerio de Salud, definido como la autoridad de aplicaci\u00f3n en la reglamentaci\u00f3n, qued\u00f3 encargado de establecer un equipo permanente de asesoramiento digital en materia de protecci\u00f3n del personal de salud, a los establecimientos que lo requieran ante la emergencia sanitaria. Los instrumentos, gu\u00edas y recomendaciones para los equipos de salud est\u00e1n disponibles en: https:\/\/www.argentina.gob.ar\/coronavirus\/equipos-salud.<\/p>\n<p>Entre esas gu\u00edas se destacan las relativas a la organizaci\u00f3n asistencial de los establecimientos y las recomendaciones en torno a los equipos de protecci\u00f3n personal.<\/p>\n<p>La ley Silvio establece que se tiene que implementar \u201cun protocolo de diagn\u00f3stico continuo y sistem\u00e1tico focalizado en el personal de salud que preste servicios en establecimientos donde se realice atenci\u00f3n de casos sospechosos, realizaci\u00f3n de muestras o tests, atenci\u00f3n y tratamiento de pacientes con covid-19, o que se encuentren dentro de zonas de circulaci\u00f3n comunitarias del virus\u201d.<\/p>\n<p>Tambi\u00e9n prev\u00e9 la creaci\u00f3n del Registro \u00danico de Personal de Salud contagiado por covid-19 para identificar en nexo epidemiol\u00f3gico y posibles contactos, adem\u00e1s de la colaboraci\u00f3n para la compra de equipos, entre otros aspectos.<\/p>\n","protected":false},"excerpt":{"rendered":"<p>El Gobierno aprob\u00f3 este jueves la reglamentaci\u00f3n del Programa de Protecci\u00f3n al Personal de Salud ante la pandemia de coronavirus, con el fin de proteger la vida y la salud de trabajadores y voluntarios que \u201ccumplen con actividades y servicios esenciales durante la emergencia sanitaria causada por la pandemia de coronavirus\u201d &nbsp; &nbsp; El programa est\u00e1 contenido en la ley 27.548 y fue denominada \u201cley Silvio\u201d en homenaje a Silvio Cufr\u00e9, el enfermero de 47 a\u00f1os que trabajaba en Alejandro Korn y fue el primer agente de salud del pa\u00eds&#8230;<\/p>\n","protected":false},"author":3,"featured_media":67135,"comment_status":"closed","ping_status":"closed","sticky":false,"template":"","format":"standard","meta":[],"categories":[2],"tags":[],"_links":{"self":[{"href":"https:\/\/www.actualidadadiario.com\/index.php\/wp-json\/wp\/v2\/posts\/67134"}],"collection":[{"href":"https:\/\/www.actualidadadiario.com\/index.php\/wp-json\/wp\/v2\/posts"}],"about":[{"href":"https:\/\/www.actualidadadiario.com\/index.php\/wp-json\/wp\/v2\/types\/post"}],"author":[{"embeddable":true,"href":"https:\/\/www.actualidadadiario.com\/index.php\/wp-json\/wp\/v2\/users\/3"}],"replies":[{"embeddable":true,"href":"https:\/\/www.actualidadadiario.com\/index.php\/wp-json\/wp\/v2\/comments?post=67134"}],"version-history":[{"count":1,"href":"https:\/\/www.actualidadadiario.com\/index.php\/wp-json\/wp\/v2\/posts\/67134\/revisions"}],"predecessor-version":[{"id":67136,"href":"https:\/\/www.actualidadadiario.com\/index.php\/wp-json\/wp\/v2\/posts\/67134\/revisions\/67136"}],"wp:featuredmedia":[{"embeddable":true,"href":"https:\/\/www.actualidadadiario.com\/index.php\/wp-json\/wp\/v2\/media\/67135"}],"wp:attachment":[{"href":"https:\/\/www.actualidadadiario.com\/index.php\/wp-json\/wp\/v2\/media?parent=67134"}],"wp:term":[{"taxonomy":"category","embeddable":true,"href":"https:\/\/www.actualidadadiario.com\/index.php\/wp-json\/wp\/v2\/categories?post=67134"},{"taxonomy":"post_tag","embeddable":true,"href":"https:\/\/www.actualidadadiario.com\/index.php\/wp-json\/wp\/v2\/tags?post=67134"}],"curies":[{"name":"wp","href":"https:\/\/api.w.org\/{rel}","templated":true}]}}