{"id":67129,"date":"2020-09-17T12:14:48","date_gmt":"2020-09-17T15:14:48","guid":{"rendered":"https:\/\/www.actualidadadiario.com\/?p=67129"},"modified":"2020-09-28T16:18:00","modified_gmt":"2020-09-28T19:18:00","slug":"pymes-creen-que-el-control-del-dolar-favorecera-a-la-inversion","status":"publish","type":"post","link":"https:\/\/www.actualidadadiario.com\/index.php\/2020\/09\/17\/pymes-creen-que-el-control-del-dolar-favorecera-a-la-inversion\/","title":{"rendered":"Pymes creen que el control del d\u00f3lar favorecer\u00e1 a la inversi\u00f3n"},"content":{"rendered":"<p style=\"text-align: center;\"><em><strong>Empresarios pymes consideraron que las restricciones al acceso de divisas, complementadas con medidas que promuevan la inversi\u00f3n en pesos, favorecer\u00e1 a la producci\u00f3n nacional e incentivar\u00e1 la sustituci\u00f3n de importaciones. Aunque aclararon que, si bien la nueva operatoria cambiaria no afectar\u00e1 negativamente en la actividad, un sostenimiento del cepo en el mediano plazo podr\u00eda afectar negativamente a las expectativas de negocios<\/strong><\/em><\/p>\n<p>&nbsp;<\/p>\n<p>&#8220;Debemos confiar en la buena intencionalidad de la medida, y que las restricciones son temporales y que obedecen a un esquema de corto plazo para encuadrar la econom\u00eda en un sendero de crecimiento. Y utilizar estas nuevas herramientas para manejar la disponibilidad en un econom\u00eda actual de d\u00f3lares escasos para su asignaci\u00f3n m\u00e1s eficiente hasta que se genere mayor ingresos de divisas&#8221;, afirm\u00f3 el vicepresidente de la Fundaci\u00f3n ProTejer y vocal de la UIA, Jorge Sorabilla.<\/p>\n<p>Por su parte, el presidente del IPA, Daniel Rosato, dijo que las medidas del Banco Central &#8220;no afecta al funcionamiento de las pymes&#8221;, aunque llam\u00f3 a estar &#8220;atentos a la transferencia de costos que las grandes empresas pueden hacer ante la imposibilidad de pagar deudas tomadas en el exterior con anterioridad&#8221;.<\/p>\n<p>&#8220;Est\u00e1 claro que se deb\u00eda tomar una medida para evitar el drenaje de d\u00f3lares. Ahora es necesario que ese ahorro se vuelque a la econom\u00eda real, y poder as\u00ed sustentar la econom\u00eda circular que se hab\u00eda reducido ante la ca\u00edda del consumo&#8221;, afirm\u00f3 Rosato.<\/p>\n<p>Uno de los integrantes de la conducci\u00f3n de la UIA le confes\u00f3, en estricto off the r\u00e9cord, que la medida del BCRA afectar\u00e1 &#8220;muy poco&#8221; a las medianas empresas, &#8220;nada&#8221; a las pymes y s\u00ed &#8220;le pegar\u00e1 de lleno a las grandes, que tomaron cr\u00e9dito en el mundo cuando en la Argentina la tasa de inter\u00e9s era impagable&#8221;. &#8220;Esas empresas est\u00e1n en una situaci\u00f3n de alerta porque deber\u00e1n acceder a un d\u00f3lar car\u00edsimo. El resto no tendr\u00e1n impacto, aunque es claro que se trata de un escenario que no favorece las expectativas de negocios si es que se cambian siempre las reglas de juego&#8221;, afirm\u00f3 el empresario industrial.<\/p>\n<p>Por su parte, el presidente de Cgera, Marcelo Fern\u00e1ndez, sostuvo: &#8220;Esta medida nos pone a las pymes el desaf\u00edo de industrializarnos para reavivar la econom\u00eda, por eso Cgera est\u00e1 trabajando con distintas embajadas del mundo para comprar bienes de capital para industrializar de una vez por todas a la Argentina y en cinco a\u00f1os, duplicar el empleo fabril, con m\u00e1s producci\u00f3n nacional y exportaciones&#8221;.<\/p>\n","protected":false},"excerpt":{"rendered":"<p>Empresarios pymes consideraron que las restricciones al acceso de divisas, complementadas con medidas que promuevan la inversi\u00f3n en pesos, favorecer\u00e1 a la producci\u00f3n nacional e incentivar\u00e1 la sustituci\u00f3n de importaciones. Aunque aclararon que, si bien la nueva operatoria cambiaria no afectar\u00e1 negativamente en la actividad, un sostenimiento del cepo en el mediano plazo podr\u00eda afectar negativamente a las expectativas de negocios &nbsp; &#8220;Debemos confiar en la buena intencionalidad de la medida, y que las restricciones son temporales y que obedecen a un esquema de corto plazo para encuadrar la econom\u00eda&#8230;<\/p>\n","protected":false},"author":3,"featured_media":63304,"comment_status":"closed","ping_status":"closed","sticky":false,"template":"","format":"standard","meta":[],"categories":[2],"tags":[],"_links":{"self":[{"href":"https:\/\/www.actualidadadiario.com\/index.php\/wp-json\/wp\/v2\/posts\/67129"}],"collection":[{"href":"https:\/\/www.actualidadadiario.com\/index.php\/wp-json\/wp\/v2\/posts"}],"about":[{"href":"https:\/\/www.actualidadadiario.com\/index.php\/wp-json\/wp\/v2\/types\/post"}],"author":[{"embeddable":true,"href":"https:\/\/www.actualidadadiario.com\/index.php\/wp-json\/wp\/v2\/users\/3"}],"replies":[{"embeddable":true,"href":"https:\/\/www.actualidadadiario.com\/index.php\/wp-json\/wp\/v2\/comments?post=67129"}],"version-history":[{"count":1,"href":"https:\/\/www.actualidadadiario.com\/index.php\/wp-json\/wp\/v2\/posts\/67129\/revisions"}],"predecessor-version":[{"id":67130,"href":"https:\/\/www.actualidadadiario.com\/index.php\/wp-json\/wp\/v2\/posts\/67129\/revisions\/67130"}],"wp:featuredmedia":[{"embeddable":true,"href":"https:\/\/www.actualidadadiario.com\/index.php\/wp-json\/wp\/v2\/media\/63304"}],"wp:attachment":[{"href":"https:\/\/www.actualidadadiario.com\/index.php\/wp-json\/wp\/v2\/media?parent=67129"}],"wp:term":[{"taxonomy":"category","embeddable":true,"href":"https:\/\/www.actualidadadiario.com\/index.php\/wp-json\/wp\/v2\/categories?post=67129"},{"taxonomy":"post_tag","embeddable":true,"href":"https:\/\/www.actualidadadiario.com\/index.php\/wp-json\/wp\/v2\/tags?post=67129"}],"curies":[{"name":"wp","href":"https:\/\/api.w.org\/{rel}","templated":true}]}}