{"id":67126,"date":"2020-09-17T12:14:04","date_gmt":"2020-09-17T15:14:04","guid":{"rendered":"https:\/\/www.actualidadadiario.com\/?p=67126"},"modified":"2020-09-28T16:18:00","modified_gmt":"2020-09-28T19:18:00","slug":"lanzaron-el-plan-conectar-con-eje-en-el-acceso-a-internet-y-la-soberania-satelital","status":"publish","type":"post","link":"https:\/\/www.actualidadadiario.com\/index.php\/2020\/09\/17\/lanzaron-el-plan-conectar-con-eje-en-el-acceso-a-internet-y-la-soberania-satelital\/","title":{"rendered":"Lanzaron el Plan Conectar, con eje en el acceso a internet y la soberan\u00eda satelital"},"content":{"rendered":"<p style=\"text-align: center;\"><em><strong>El presidente Alberto Fern\u00e1ndez present\u00f3 el Plan Nacional de Conectividad con una inversi\u00f3n de casi 38 mil millones de pesos hasta 2023<\/strong><\/em><\/p>\n<p>&nbsp;<\/p>\n<p>&nbsp;<\/p>\n<p>\u201cLa argentina del futuro es la que promueve la educaci\u00f3n, ciencia y tecnolog\u00eda\u201d, se\u00f1al\u00f3 el presidente Alberto Fern\u00e1ndez al presentar el Plan Nacional de Conectividad (Conectar) desde la sede central de ArSat, en la localidad de Benav\u00eddez.<\/p>\n<p>Con una inversi\u00f3n de casi 38 mil millones de pesos, el plan tendr\u00e1 cuatro ejes: universalizar el acceso a conexiones de banda ancha de \u00faltima generaci\u00f3n, ampliar el alcance de la TV digital abierta, reactivaci\u00f3n del Plan Satelital Argentino y revitalizar el Centro de Datos de la empresa ArSat.<\/p>\n<p>El presidente record\u00f3 que el pa\u00eds que imagin\u00f3 en 2003 con N\u00e9stor Kirchner &#8220;todav\u00eda tiene deudas pendientes y no hemos logrado concluirlo porque en el medio hubo cuatro a\u00f1os donde todo se paraliz\u00f3 y se favoreci\u00f3 la desintegraci\u00f3n&#8221;.<\/p>\n<p>La desinversi\u00f3n en los \u00faltimos a\u00f1os de esta \u00e1rea estrat\u00e9gica fue tambi\u00e9n retomada por el jefe de Gabinete, Santiago Cafiero, y la secretaria de Innovaci\u00f3n P\u00fablica, Micaela S\u00e1nchez Malcom, a cargo del \u00e1rea que dise\u00f1\u00f3 la iniciativa, quienes acompa\u00f1aron al mandatario en el acto.<\/p>\n<p>El Plan Conectar contempla el desarrollo, construcci\u00f3n y puesta en \u00f3rbita de un nuevo sat\u00e9lite, el primero de la segunda generaci\u00f3n de ARSAT, que estar\u00e1 orientado a la ocupaci\u00f3n de las posiciones orbitales de la Argentina, al desarrollo de la industria satelital de telecomunicaciones y a reducir la brecha digital brindando conectividad satelital de alta calidad a 200 mil hogares rurales.<\/p>\n<p>Adem\u00e1s, se actualizar\u00e1 y extender\u00e1 hasta los 38.808 kil\u00f3metros la Red Federal de Fibra \u00d3ptica, se renovar\u00e1n los equipos de las 100 estaciones de la Televisi\u00f3n Digital Abierta (TDA) y se pondr\u00e1 en valor el Centro Nacional de Datos de ARSAT, que permitir\u00e1 disminuir costos y ahorrar divisas en servicios cloud.<\/p>\n","protected":false},"excerpt":{"rendered":"<p>El presidente Alberto Fern\u00e1ndez present\u00f3 el Plan Nacional de Conectividad con una inversi\u00f3n de casi 38 mil millones de pesos hasta 2023 &nbsp; &nbsp; \u201cLa argentina del futuro es la que promueve la educaci\u00f3n, ciencia y tecnolog\u00eda\u201d, se\u00f1al\u00f3 el presidente Alberto Fern\u00e1ndez al presentar el Plan Nacional de Conectividad (Conectar) desde la sede central de ArSat, en la localidad de Benav\u00eddez. Con una inversi\u00f3n de casi 38 mil millones de pesos, el plan tendr\u00e1 cuatro ejes: universalizar el acceso a conexiones de banda ancha de \u00faltima generaci\u00f3n, ampliar el alcance&#8230;<\/p>\n","protected":false},"author":3,"featured_media":67127,"comment_status":"closed","ping_status":"closed","sticky":false,"template":"","format":"standard","meta":[],"categories":[9],"tags":[],"_links":{"self":[{"href":"https:\/\/www.actualidadadiario.com\/index.php\/wp-json\/wp\/v2\/posts\/67126"}],"collection":[{"href":"https:\/\/www.actualidadadiario.com\/index.php\/wp-json\/wp\/v2\/posts"}],"about":[{"href":"https:\/\/www.actualidadadiario.com\/index.php\/wp-json\/wp\/v2\/types\/post"}],"author":[{"embeddable":true,"href":"https:\/\/www.actualidadadiario.com\/index.php\/wp-json\/wp\/v2\/users\/3"}],"replies":[{"embeddable":true,"href":"https:\/\/www.actualidadadiario.com\/index.php\/wp-json\/wp\/v2\/comments?post=67126"}],"version-history":[{"count":1,"href":"https:\/\/www.actualidadadiario.com\/index.php\/wp-json\/wp\/v2\/posts\/67126\/revisions"}],"predecessor-version":[{"id":67128,"href":"https:\/\/www.actualidadadiario.com\/index.php\/wp-json\/wp\/v2\/posts\/67126\/revisions\/67128"}],"wp:featuredmedia":[{"embeddable":true,"href":"https:\/\/www.actualidadadiario.com\/index.php\/wp-json\/wp\/v2\/media\/67127"}],"wp:attachment":[{"href":"https:\/\/www.actualidadadiario.com\/index.php\/wp-json\/wp\/v2\/media?parent=67126"}],"wp:term":[{"taxonomy":"category","embeddable":true,"href":"https:\/\/www.actualidadadiario.com\/index.php\/wp-json\/wp\/v2\/categories?post=67126"},{"taxonomy":"post_tag","embeddable":true,"href":"https:\/\/www.actualidadadiario.com\/index.php\/wp-json\/wp\/v2\/tags?post=67126"}],"curies":[{"name":"wp","href":"https:\/\/api.w.org\/{rel}","templated":true}]}}