{"id":67122,"date":"2020-09-17T12:12:16","date_gmt":"2020-09-17T15:12:16","guid":{"rendered":"https:\/\/www.actualidadadiario.com\/?p=67122"},"modified":"2020-09-28T16:18:00","modified_gmt":"2020-09-28T19:18:00","slug":"bahillo-adelanto-que-se-analiza-la-vuelta-de-la-actividad-turistica-dentro-de-entre-rios","status":"publish","type":"post","link":"https:\/\/www.actualidadadiario.com\/index.php\/2020\/09\/17\/bahillo-adelanto-que-se-analiza-la-vuelta-de-la-actividad-turistica-dentro-de-entre-rios\/","title":{"rendered":"Bahillo adelant\u00f3 que se analiza \u201cla vuelta de la actividad tur\u00edstica dentro de Entre R\u00edos\u201d"},"content":{"rendered":"<p style=\"text-align: center;\"><em><strong>El ministro de Producci\u00f3n, Turismo y Desarrollo Econ\u00f3mico de la provincia, Juan Jos\u00e9 Bahillo, analiz\u00f3 la situaci\u00f3n de las distintas actividades econ\u00f3micas en el marco de la pandemia de coronavirus. \u201cLa semana que viene la idea es comenzar a evaluar algunos pedidos de actividad tur\u00edstica, sobre todo en algunas localidades de la provincia que tienen pocos casos\u201d<\/strong><\/em><\/p>\n<p>&nbsp;<\/p>\n<p>&nbsp;<\/p>\n<p>En declaraciones realizadas al programa A Quien Corresponda (Radio De la Plaza), Bahillo sostuvo que \u201cse ve una actividad econ\u00f3mica muy dispar en la provincia, lo que quiz\u00e1s se haya profundizado en la \u00faltima semana porque los retrocesos en t\u00e9rminos de aperturas de actividades disminuyen mucho el tr\u00e1nsito de la gente y se cae notablemente la actividad econ\u00f3mica, producto de la situaci\u00f3n prioritarita que es oxigenar y darle un respiro al sistema sanitario\u201d.<\/p>\n<p>Afirm\u00f3 que \u201cen Paran\u00e1 se ve que hay poco tr\u00e1nsito de gente, poca movilidad, poca gente en la calle y conversando con comerciantes, con el titular de la Asociaci\u00f3n Hotelera y Gastron\u00f3mica, Marcelo Barsuglia, y el titular del sindicato de gastron\u00f3micos Hugo Permay\u00fa, hablan de una ca\u00edda en la actividad en t\u00e9rminos notables\u201d. \u201cMe parece que con el correr de los d\u00edas se ir\u00e1 recuperando el nivel de actividad y todav\u00eda es incipiente el movimiento econ\u00f3mico. Estos retrocesos justificados en materia de salud hacen que recuperar el nivel de actividad no sea tan espont\u00e1neo sino que lleve algunos d\u00edas\u201d, asever\u00f3.<\/p>\n<p>Consultado por la situaci\u00f3n del turismo, el funcionario inform\u00f3 que \u201cpara las termas ya hay un protocolo elaborado y trabajado con el COES; la semana que viene la idea es comenzar a evaluar algunos pedidos de actividad tur\u00edstica interna porque hubo un pedido puntual de los intendentes de la zona de Palmares \u2013Col\u00f3n, San Jos\u00e9, Ubajay- y si las condiciones siguen siendo estables, sobre todo en algunas localidades de la provincia que tienen pocos casos, seguramente vamos a permitir la vuelta de la actividad tur\u00edstica dentro de Entre R\u00edos\u201d.<\/p>\n<p>Agreg\u00f3 que \u201cla actividad termal ser\u00eda un segundo paso pero est\u00e1 en agenda, y me parece que en las pr\u00f3ximas semanas puede haber novedades en este sentido\u201d.<\/p>\n<p>Al respecto, asever\u00f3 que \u201chay que empezar a trabajar con una nueva normalidad, con actividades que permitan la convivencia, que haya distanciamiento y que no se alteren los indicadores. A esto tambi\u00e9n hay que trabajarlo con comerciantes y gastron\u00f3micos porque de nada sirve trabajar un d\u00eda puntual al 120% o 150% y despu\u00e9s tener que retroceder a los 10 o 15 d\u00edas porque hubo un par de d\u00edas que no se control\u00f3 la cantidad de gente o no se tuvo la conducta necesaria en estos tiempos. Es preferible trabajar en un nivel un poco menor pero que sea sustentable la actividad\u201d.<\/p>\n<p>En este contexto, aclar\u00f3 que \u201cde ninguna manera se responsabiliza a la actividad comercial o gastron\u00f3mica por los contagios, lo que se busca es disminuir la circulaci\u00f3n de personas, y para eso hay que cerrar actividades econ\u00f3micas. Eso es lo que se buscaba en estos 15 d\u00edas\u201d.<\/p>\n<p>Y reiter\u00f3 que \u201chay que encontrar un marco de funcionamiento para que no haya estos retrocesos, ojal\u00e1 haya un nivel de convivencia entre cuidarnos, cuidar el sistema p\u00fablico de salud y cuidar la actividad econ\u00f3mica. Es cierto que cada vez que se hacen estos retrocesos la actividad econ\u00f3mica se perjudica en mayor medida, porque no es lo mismo el cierre en marzo que hoy donde se han agotado todas las reservas y est\u00e1n muy vulnerables incluso las econom\u00edas de los hogares\u201d.<\/p>\n<p>\u201cEsta pandemia tiene caracter\u00edsticas muy particulares y una imprevisibilidad que hace que seamos muy prudentes, y tambi\u00e9n hay una sensibilidad muy importante en la gente y no quiero ni llevar pesimismo ni frustrar por exceso, pero en la medida en que podamos vamos a sostener el funcionamiento de la actividad econ\u00f3mica y no est\u00e1 en nuestro \u00e1nimo \u2013salvo que nos obligue la situaci\u00f3n sanitaria- volver de ninguna manera a una situaci\u00f3n como la de estos 15 d\u00edas pasados\u201d, consign\u00f3.<\/p>\n<p>En cuanto a la situaci\u00f3n de la hoteler\u00eda, Bahillo explic\u00f3 que \u201cel problema con los hoteles de gran escala es que la actividad est\u00e1 permitida para el tr\u00e1nsito interno \u2013cuestiones laborales, viajantes, familias que acompa\u00f1an a alguien por cuestiones de salud- y ese flujo de gente es insuficiente para sostener los gastos fijos de los hoteles grandes y hay muchos a los cuales no les conviene abrir\u201d.<\/p>\n<p>Del mismo modo, plante\u00f3 que \u201cse depende mucho de los turistas de Buenos Aires\u201d. \u201cSi no recibimos turistas de otros puntos del pa\u00eds, sobretodo de Capital Federal y el Conurbano Bonaerense, la actividad tur\u00edstica se va a incrementar en t\u00e9rminos de turismo interno pero no va a desarrollar todo el potencial que tiene y en eso todav\u00eda tenemos un interrogante muy grande\u201d.<\/p>\n<p>&nbsp;<\/p>\n<p><strong>Verano sin eventos masivos<\/strong><\/p>\n<p>Consultado sobre la realizaci\u00f3n de las fiestas popular de la provincia, el carnaval y otros eventos masivos tradicionales en el verano, Bahillo asegur\u00f3 que \u201cen las condiciones en que estamos ahora, no ser\u00e1n posibles\u201d.<\/p>\n<p>\u201cSoy muy cauto pero me parece que no habr\u00e1 condiciones en el verano si no hay vacuna para hacer ese tipo de eventos tan masivos porque correr\u00edamos el riesgo de perder el status. Hoy con las condiciones de hoy no se pueden hacer y la poca previsibilidad que tenemos con esta pandemia indica que esos productos masivos tur\u00edsticos ser\u00e1n muy dif\u00edciles hacerlos. Adem\u00e1s en esos eventos masivos las contrataciones y compromisos\u00a0 comerciales se hacen en este tiempo \u2013se contratan los artistas, la carpa, la iluminaci\u00f3n, el sonido, y dem\u00e1s- y hoy nadie se anima a hacer un compromiso de estas caracter\u00edsticas\u201d, describi\u00f3.<\/p>\n<p>Como ejemplo, adelant\u00f3 que \u201cpor conversaciones informales mantenidas con el intendente de Diamante, s\u00e9 que se eval\u00faa de manera muy certera la posibilidad de no realizar el Festival de Doma y Folclore\u201d.<\/p>\n<p>En ese marco, se refiri\u00f3 a la situaci\u00f3n de todos los comercios relacionados a fiestas y mencion\u00f3 que \u201cpor decreto diferimos todos los impuestos provinciales para transporte interurbano de pasajeros, salones de fiesta, servicios gastron\u00f3micos, gimnasios, pero son medidas paliativas, de subsistencia que permiten una ayuda para superar la crisis pero no hay nada que reemplace el ingreso genuino que se genera por la actividad comercial\u201d.<\/p>\n<p>\u201cLa verdad es que son sectores para los cuales no tenemos un horizonte certero para decirles en qu\u00e9 momento podr\u00e1n comenzar a trabajar. Los chicos no pueden ir a clases y eso es una se\u00f1al muy fuerte. A partir de ah\u00ed, todas las cuestiones que sean masivas est\u00e1n absolutamente restringidas, y hoy la prioridad pasa por la educaci\u00f3n. En las provincias que tuvieron mejoras en los n\u00fameros de casos y volvieron al dictado de clases como Jujuy y San Juan, a los 15 d\u00edas tuvieron que retroceder. Esto muestra que cuando se avanza en generar situaciones medianamente masivas, la velocidad de contagios aumenta notablemente y por eso hay que ser muy cautos\u201d, sentenci\u00f3.<\/p>\n","protected":false},"excerpt":{"rendered":"<p>El ministro de Producci\u00f3n, Turismo y Desarrollo Econ\u00f3mico de la provincia, Juan Jos\u00e9 Bahillo, analiz\u00f3 la situaci\u00f3n de las distintas actividades econ\u00f3micas en el marco de la pandemia de coronavirus. \u201cLa semana que viene la idea es comenzar a evaluar algunos pedidos de actividad tur\u00edstica, sobre todo en algunas localidades de la provincia que tienen pocos casos\u201d &nbsp; &nbsp; En declaraciones realizadas al programa A Quien Corresponda (Radio De la Plaza), Bahillo sostuvo que \u201cse ve una actividad econ\u00f3mica muy dispar en la provincia, lo que quiz\u00e1s se haya profundizado&#8230;<\/p>\n","protected":false},"author":3,"featured_media":20947,"comment_status":"closed","ping_status":"closed","sticky":false,"template":"","format":"standard","meta":[],"categories":[15],"tags":[],"_links":{"self":[{"href":"https:\/\/www.actualidadadiario.com\/index.php\/wp-json\/wp\/v2\/posts\/67122"}],"collection":[{"href":"https:\/\/www.actualidadadiario.com\/index.php\/wp-json\/wp\/v2\/posts"}],"about":[{"href":"https:\/\/www.actualidadadiario.com\/index.php\/wp-json\/wp\/v2\/types\/post"}],"author":[{"embeddable":true,"href":"https:\/\/www.actualidadadiario.com\/index.php\/wp-json\/wp\/v2\/users\/3"}],"replies":[{"embeddable":true,"href":"https:\/\/www.actualidadadiario.com\/index.php\/wp-json\/wp\/v2\/comments?post=67122"}],"version-history":[{"count":1,"href":"https:\/\/www.actualidadadiario.com\/index.php\/wp-json\/wp\/v2\/posts\/67122\/revisions"}],"predecessor-version":[{"id":67123,"href":"https:\/\/www.actualidadadiario.com\/index.php\/wp-json\/wp\/v2\/posts\/67122\/revisions\/67123"}],"wp:featuredmedia":[{"embeddable":true,"href":"https:\/\/www.actualidadadiario.com\/index.php\/wp-json\/wp\/v2\/media\/20947"}],"wp:attachment":[{"href":"https:\/\/www.actualidadadiario.com\/index.php\/wp-json\/wp\/v2\/media?parent=67122"}],"wp:term":[{"taxonomy":"category","embeddable":true,"href":"https:\/\/www.actualidadadiario.com\/index.php\/wp-json\/wp\/v2\/categories?post=67122"},{"taxonomy":"post_tag","embeddable":true,"href":"https:\/\/www.actualidadadiario.com\/index.php\/wp-json\/wp\/v2\/tags?post=67122"}],"curies":[{"name":"wp","href":"https:\/\/api.w.org\/{rel}","templated":true}]}}