{"id":67119,"date":"2020-09-17T12:11:21","date_gmt":"2020-09-17T15:11:21","guid":{"rendered":"https:\/\/www.actualidadadiario.com\/?p=67119"},"modified":"2020-09-28T16:18:08","modified_gmt":"2020-09-28T19:18:08","slug":"cafesg-puso-en-marcha-el-microbanco-de-la-region-de-salto-grande","status":"publish","type":"post","link":"https:\/\/www.actualidadadiario.com\/index.php\/2020\/09\/17\/cafesg-puso-en-marcha-el-microbanco-de-la-region-de-salto-grande\/","title":{"rendered":"Cafesg puso en marcha el Microbanco de la Regi\u00f3n de Salto Grande"},"content":{"rendered":"<p style=\"text-align: center;\"><em><strong>La Comisi\u00f3n Administradora para el Fondo Especial de Salto Grande, con el objeto de impulsar pol\u00edticas de desarrollo econ\u00f3mico, industrial y social, puso en marcha este mi\u00e9rcoles el Microbanco de la Regi\u00f3n de Salto Grande<\/strong><\/em><\/p>\n<p>&nbsp;<\/p>\n<p>&nbsp;<\/p>\n<p>Se trata de un programa de cr\u00e9ditos para emprendedores que busca ser una acci\u00f3n concreta de apoyo a proyectos sustentables de las micro, peque\u00f1as y medianas empresas, facilit\u00e1ndoles el acceso al cr\u00e9dito.<\/p>\n<p>Desde el sal\u00f3n de actos de Cafesg, y por videoconferencia para los intendentes y legisladores provinciales de los departamentos Concordia y Federaci\u00f3n, Luis Benedetto, presidente del organismo, dio el puntapi\u00e9 inicial a esta herramienta junto a los dem\u00e1s miembros del directorio del organismo.<\/p>\n<p>Durante la presentaci\u00f3n, Benedetto se\u00f1al\u00f3 que \u201cesto implica un esfuerzo importante desde Cafesg, en funci\u00f3n de los recursos que recibe, es una herramienta financiera que aspira a dar un empuj\u00f3n a quienes vienen con sus micro emprendimientos luch\u00e1ndola en estos tiempos dif\u00edciles, y tambi\u00e9n para ver si contribuimos a que quienes tiene una idea para emprender algo lo pueden lanzar con la ayuda de estos recursos\u201d.<\/p>\n<p>\u201cEn primer t\u00e9rmino vamos a llegar a los departamentos de Concordia y Federaci\u00f3n, con la confianza de que luego lo podamos expandir a los dem\u00e1s departamentos de la regi\u00f3n de influencia de Cafesg, para as\u00ed acompa\u00f1ar a la mayor cantidad de vecinos en sus peque\u00f1os emprendimientos y llevar nuestro granito de arena a la reactivaci\u00f3n econ\u00f3mica que todos anhelamos\u201d continu\u00f3 Benedetto.<\/p>\n<p>Por \u00faltimo, el funcionario provincial agradeci\u00f3 a todos los intendentes y legisladores que participaron del lanzamiento v\u00eda Zoom, y los inst\u00f3 \u201ca seguir trabajando juntos y articulando pol\u00edticas p\u00fablicas concretas en beneficio de los vecinos de la regi\u00f3n de Salto Grande\u201d.<\/p>\n<p>Los objetivos del programa de cr\u00e9dito para emprendedores son: consolidar y apoyar la creaci\u00f3n de nuevos emprendimientos; Generar nuevos puestos de trabajo; Incorporar sectores al sistema formal de la econom\u00eda; Promover la asociaci\u00f3n de emprendedores y\/o trabajadores, e Incentivar el desarrollo productivo local y las econom\u00edas regionales.<\/p>\n<p>Los cr\u00e9ditos podr\u00e1n ser destinados a la compra de maquinaria y veh\u00edculos utilitarios nuevos o usados, para uso exclusivo en el emprendimiento; construcci\u00f3n de infraestructura productiva e infraestructura de comercializaci\u00f3n en lugar propio solo hasta el 50 por ciento del monto solicitado; compra de materia prima, insumos, mercader\u00eda, etc.<\/p>\n<p>Los cr\u00e9ditos ser\u00e1n otorgados en pesos, con un monto m\u00e1ximo de 43.000 pesos, a una tasa subsidiada del 12 por ciento anual, y un plazo de devoluci\u00f3n de hasta 18 meses (incluido el plazo de gracia), dependiendo del destino de la inversi\u00f3n.<\/p>\n<p>Los pagos deber\u00e1n ser mensuales, con la posibilidad de pre-cancelaci\u00f3n parcial o total sin gastos. La inscripci\u00f3n se realizar\u00e1 por v\u00eda internet, mediante un formulario de inscripci\u00f3n a completar por los interesados y telef\u00f3nicamente.<\/p>\n<p>Los proyectos se eval\u00faan t\u00e9cnicamente determinando la viabilidad econ\u00f3mica, financiera y social para mejorar la calidad de vida del emprendedor y contemplando la sustentabilidad del programa.<\/p>\n<p>Para m\u00e1s informaci\u00f3n los interesados se pueden comunicar a los tel\u00e9fonos 0345-4251211 o 4252500 Interno 241 o al mail microbanco@cafesg.gob.ar<\/p>\n","protected":false},"excerpt":{"rendered":"<p>La Comisi\u00f3n Administradora para el Fondo Especial de Salto Grande, con el objeto de impulsar pol\u00edticas de desarrollo econ\u00f3mico, industrial y social, puso en marcha este mi\u00e9rcoles el Microbanco de la Regi\u00f3n de Salto Grande &nbsp; &nbsp; Se trata de un programa de cr\u00e9ditos para emprendedores que busca ser una acci\u00f3n concreta de apoyo a proyectos sustentables de las micro, peque\u00f1as y medianas empresas, facilit\u00e1ndoles el acceso al cr\u00e9dito. Desde el sal\u00f3n de actos de Cafesg, y por videoconferencia para los intendentes y legisladores provinciales de los departamentos Concordia y&#8230;<\/p>\n","protected":false},"author":3,"featured_media":67120,"comment_status":"closed","ping_status":"closed","sticky":false,"template":"","format":"standard","meta":[],"categories":[15],"tags":[],"_links":{"self":[{"href":"https:\/\/www.actualidadadiario.com\/index.php\/wp-json\/wp\/v2\/posts\/67119"}],"collection":[{"href":"https:\/\/www.actualidadadiario.com\/index.php\/wp-json\/wp\/v2\/posts"}],"about":[{"href":"https:\/\/www.actualidadadiario.com\/index.php\/wp-json\/wp\/v2\/types\/post"}],"author":[{"embeddable":true,"href":"https:\/\/www.actualidadadiario.com\/index.php\/wp-json\/wp\/v2\/users\/3"}],"replies":[{"embeddable":true,"href":"https:\/\/www.actualidadadiario.com\/index.php\/wp-json\/wp\/v2\/comments?post=67119"}],"version-history":[{"count":1,"href":"https:\/\/www.actualidadadiario.com\/index.php\/wp-json\/wp\/v2\/posts\/67119\/revisions"}],"predecessor-version":[{"id":67121,"href":"https:\/\/www.actualidadadiario.com\/index.php\/wp-json\/wp\/v2\/posts\/67119\/revisions\/67121"}],"wp:featuredmedia":[{"embeddable":true,"href":"https:\/\/www.actualidadadiario.com\/index.php\/wp-json\/wp\/v2\/media\/67120"}],"wp:attachment":[{"href":"https:\/\/www.actualidadadiario.com\/index.php\/wp-json\/wp\/v2\/media?parent=67119"}],"wp:term":[{"taxonomy":"category","embeddable":true,"href":"https:\/\/www.actualidadadiario.com\/index.php\/wp-json\/wp\/v2\/categories?post=67119"},{"taxonomy":"post_tag","embeddable":true,"href":"https:\/\/www.actualidadadiario.com\/index.php\/wp-json\/wp\/v2\/tags?post=67119"}],"curies":[{"name":"wp","href":"https:\/\/api.w.org\/{rel}","templated":true}]}}