{"id":67116,"date":"2020-09-17T12:10:29","date_gmt":"2020-09-17T15:10:29","guid":{"rendered":"https:\/\/www.actualidadadiario.com\/?p=67116"},"modified":"2020-09-28T16:18:08","modified_gmt":"2020-09-28T19:18:08","slug":"ley-de-emergencia-los-gremios-fueron-citados-por-la-justicia-a-una-mediacion-con-el-gobierno","status":"publish","type":"post","link":"https:\/\/www.actualidadadiario.com\/index.php\/2020\/09\/17\/ley-de-emergencia-los-gremios-fueron-citados-por-la-justicia-a-una-mediacion-con-el-gobierno\/","title":{"rendered":"Ley de Emergencia: Los gremios fueron citados por la justicia a una mediaci\u00f3n con el Gobierno"},"content":{"rendered":"<p style=\"text-align: center;\"><em><strong>Es por el planteo de inconstitucionalidad de hicieron Agmer, AMET, ATE y UDA a los art\u00edculos 4\u00b0 y 5\u00b0 de la Ley de Emergencia Solidaria. La titular del Juzgado N\u00b04, Elena Albornoz, cit\u00f3 a las partes a una audiencia de mediaci\u00f3n que se realizar\u00e1 este viernes 18 de septiembre a las 8:30. \u201cAll\u00ed estaremos para ratificar la exigencia de la derogaci\u00f3n de los art\u00edculos 4, 5 y 6\u201d, afirmaron<\/strong><\/em><\/p>\n<p>&nbsp;<\/p>\n<p>&nbsp;<\/p>\n<p>La novedad fue informada por el secretario general de la Asociaci\u00f3n Gremial del Magisterio de Entre R\u00edos (Agmer), Marcelo Pagani, durante la conferencia de prensa que brind\u00f3 junto a los titulares de los dem\u00e1s sindicatos que integran en Frente Gremial: Oscar Muntes, de la Asociaci\u00f3n de Trabajadores del Estado (ATE); Andr\u00e9s Besel, de la Asociaci\u00f3n del Magisterio de la Ense\u00f1anza T\u00e9cnica (AMET) y Mirta Raya, de la Uni\u00f3n de Docentes Argentinos (UDA).<\/p>\n<p>\u201cHemos sido convocados los cuatro sindicatos a una reuni\u00f3n de conciliaci\u00f3n, negociaci\u00f3n, mediaci\u00f3n, en el marco de la disputa judicial que estamos dando por los art\u00edculos 4 y 5 de la Ley de Emergencia\u201d, expres\u00f3 Pagani al respecto. Fueron citados por la titular del Juzgado N\u00b04, Elena Albornoz, donde se lleva la medida cautelar por los trabajadores activos.<\/p>\n<p>\u201cAll\u00ed estaremos para ratificar la posici\u00f3n que fijamos en sede judicial y que tambi\u00e9n fijamos p\u00fablicamente, que es la exigencia de la derogaci\u00f3n de los art\u00edculos 4, 5 y 6\u201d, asegur\u00f3 el titular de Agmer.<\/p>\n<p>Pagani se refiri\u00f3 luego el fallo favorable del juez \u00c1ngel Moia respecto del art\u00edculo 6\u00b0 de la Ley 10.806, que afecta a los jubilados. \u201cEs una pelea judicial que reci\u00e9n arranca, pero valoramos much\u00edsimo este primer fallo\u201d, subray\u00f3 el titular de Agmer y remarc\u00f3: \u201cTenemos much\u00edsimas expectativas de que en el Juzgado N\u00b04, donde estamos presentando la misma cautelar innovativa sobre los art\u00edculos 4 y 5, tengamos la misma respuesta del Poder Judicial\u201d.<\/p>\n<p>En otro tramo de la conferencia, Pagani asegur\u00f3 que \u201clo que est\u00e1 en tensi\u00f3n y en disputa es qui\u00e9n paga el costo de la pandemia. Desde nuestra perspectiva de trabajadores, de ninguna manera estamos dispuestos a pagarla. Entendemos que los sectores concentrados de la econom\u00eda tienen much\u00edsimo para aportar\u201d.<\/p>\n","protected":false},"excerpt":{"rendered":"<p>Es por el planteo de inconstitucionalidad de hicieron Agmer, AMET, ATE y UDA a los art\u00edculos 4\u00b0 y 5\u00b0 de la Ley de Emergencia Solidaria. La titular del Juzgado N\u00b04, Elena Albornoz, cit\u00f3 a las partes a una audiencia de mediaci\u00f3n que se realizar\u00e1 este viernes 18 de septiembre a las 8:30. \u201cAll\u00ed estaremos para ratificar la exigencia de la derogaci\u00f3n de los art\u00edculos 4, 5 y 6\u201d, afirmaron &nbsp; &nbsp; La novedad fue informada por el secretario general de la Asociaci\u00f3n Gremial del Magisterio de Entre R\u00edos (Agmer), Marcelo&#8230;<\/p>\n","protected":false},"author":3,"featured_media":67117,"comment_status":"closed","ping_status":"closed","sticky":false,"template":"","format":"standard","meta":[],"categories":[15],"tags":[],"_links":{"self":[{"href":"https:\/\/www.actualidadadiario.com\/index.php\/wp-json\/wp\/v2\/posts\/67116"}],"collection":[{"href":"https:\/\/www.actualidadadiario.com\/index.php\/wp-json\/wp\/v2\/posts"}],"about":[{"href":"https:\/\/www.actualidadadiario.com\/index.php\/wp-json\/wp\/v2\/types\/post"}],"author":[{"embeddable":true,"href":"https:\/\/www.actualidadadiario.com\/index.php\/wp-json\/wp\/v2\/users\/3"}],"replies":[{"embeddable":true,"href":"https:\/\/www.actualidadadiario.com\/index.php\/wp-json\/wp\/v2\/comments?post=67116"}],"version-history":[{"count":1,"href":"https:\/\/www.actualidadadiario.com\/index.php\/wp-json\/wp\/v2\/posts\/67116\/revisions"}],"predecessor-version":[{"id":67118,"href":"https:\/\/www.actualidadadiario.com\/index.php\/wp-json\/wp\/v2\/posts\/67116\/revisions\/67118"}],"wp:featuredmedia":[{"embeddable":true,"href":"https:\/\/www.actualidadadiario.com\/index.php\/wp-json\/wp\/v2\/media\/67117"}],"wp:attachment":[{"href":"https:\/\/www.actualidadadiario.com\/index.php\/wp-json\/wp\/v2\/media?parent=67116"}],"wp:term":[{"taxonomy":"category","embeddable":true,"href":"https:\/\/www.actualidadadiario.com\/index.php\/wp-json\/wp\/v2\/categories?post=67116"},{"taxonomy":"post_tag","embeddable":true,"href":"https:\/\/www.actualidadadiario.com\/index.php\/wp-json\/wp\/v2\/tags?post=67116"}],"curies":[{"name":"wp","href":"https:\/\/api.w.org\/{rel}","templated":true}]}}