{"id":67113,"date":"2020-09-17T12:09:32","date_gmt":"2020-09-17T15:09:32","guid":{"rendered":"https:\/\/www.actualidadadiario.com\/?p=67113"},"modified":"2020-09-28T16:18:08","modified_gmt":"2020-09-28T19:18:08","slug":"aprueban-proyecto-de-ley-que-promueve-y-garantiza-derechos-laborales-para-personas-travestis-transexuales-y-transgenero","status":"publish","type":"post","link":"https:\/\/www.actualidadadiario.com\/index.php\/2020\/09\/17\/aprueban-proyecto-de-ley-que-promueve-y-garantiza-derechos-laborales-para-personas-travestis-transexuales-y-transgenero\/","title":{"rendered":"Aprueban proyecto de Ley que promueve y garantiza derechos laborales para personas travestis, transexuales y transg\u00e9nero"},"content":{"rendered":"<p style=\"text-align: center;\"><em><strong>La vicegobernadora y presidenta del cuerpo, Laura Stratta, legisladoras y legisladores subrayaron la trascendencia de la iniciativa sancionada, que ahora deber\u00e1 ser ratificada por la Honorable C\u00e1mara de Diputados de Entre R\u00edos<\/strong><\/em><\/p>\n<p>&nbsp;<\/p>\n<p>&nbsp;<\/p>\n<p>En la 11\u00ba sesi\u00f3n ordinaria del 141\u00ba per\u00edodo legislativo, la Honorable C\u00e1mara de Senadores adem\u00e1s le dio media sanci\u00f3n a un proyecto que actualiza art\u00edculos de la ley N\u00ba 9671 de Violencia Laboral, entre otros temas tratados.<\/p>\n<p>La Honorable C\u00e1mara de Senadores de Entre R\u00edos celebr\u00f3 este martes su 11\u00ba Sesi\u00f3n Ordinaria correspondiente al 141\u00ba per\u00edodo legislativo. El debate fue presidido por vicegobernadora de la provincia y presidenta del cuerpo, Laura Stratta, quien estuvo presente en el Recinto, junto al secretario de la C\u00e1mara, Lautaro Schiavoni y el prosecretario del cuerpo, Leonardo Centuri\u00f3n. En tanto, los senadores y las senadoras participaron de la sesi\u00f3n mediante videoconferencia, en el marco de las medidas preventivas definidas por el Gobierno en el contexto de la pandemia por Covid 19.<\/p>\n<p>En la jornada, se le dio media sanci\u00f3n por unanimidad al proyecto de Ley con despacho de la Comisi\u00f3n de Legislaci\u00f3n General del Senado, que promueve y garantiza derechos en el \u00e1mbito laboral para las personas travestis, transexuales y transg\u00e9nero en la provincia de Entre R\u00edos. A la iniciativa, autor\u00eda de la diputada provincial (mc) Emilse Pross, se le incorporaron modificaciones, por lo que el texto deber\u00e1 volver a la Honorable C\u00e1mara de Diputados para ser convertida en Ley.<\/p>\n<p>La senadora Claudia Gieco (Diamante &#8211; Frente Justicialista ), quien preside la Comisi\u00f3n que tuvo bajo su an\u00e1lisis el texto (Expediente N\u00ba 23.107), expres\u00f3: \u201cHemos trabajado en la Comisi\u00f3n con mucha responsabilidad y respeto, coincidiendo que m\u00e1s all\u00e1 de los avances normativos en esta materia en los \u00faltimos tiempos, las personas trans contin\u00faan con dificultades para disfrutar el efectivo derecho a la salud, derecho que lo vemos en el sistema de salud con indicadores como es la expectativa de vida, que no superan los 35 o 40 a\u00f1os; o en el derecho a la educaci\u00f3n donde no han tenido terminalidad&#8221;, dijo entendiendo que se enfrentan a obst\u00e1culos estructurales para acceder al trabajo formal. Luego, la legisladora aclar\u00f3 que este proyecto tambi\u00e9n va en consonancia con el decreto N\u00ba 721 del Ejecutivo Nacional del presidente Alberto Fern\u00e1ndez y de la Vicepresidenta de la Naci\u00f3n y presidenta del Senado Nacional, Cristina Fern\u00e1ndez de Kirchner.<\/p>\n<p>En sus fundamentos, adem\u00e1s, Gieco explic\u00f3 la necesidad de \u201creglamentar y dar respuestas a esta realidad como un compromiso asumido por los derechos a las diversidades frente a las formas de discriminaci\u00f3n y violencias en pos de una sociedad m\u00e1s justa\u201d. Seguidamente, manifest\u00f3: \u201cNecesitamos continuar adaptando nuevas medidas positivas para asegurar a las personas travestis, transexuales y transg\u00e9nero, el ejercicio pleno de sus derechos. Y, como parte de esto, hemos dado dictamen favorable en el marco de la Comisi\u00f3n y queremos pedirles a todas y a todos los senadores que nos acompa\u00f1en con su voto\u201d, concluy\u00f3.<\/p>\n<p>&nbsp;<\/p>\n<p><strong>Construyendo Derechos<\/strong><\/p>\n<p>Al t\u00e9rmino de la sesi\u00f3n, la presidenta del Senado puso de relieve el consenso logrado en la aprobaci\u00f3n de esta norma y subray\u00f3 el impacto positivo que traer\u00e1 su aplicaci\u00f3n en la vida laboral y social de miles de personas en la provincia. Al respecto, Stratta sostuvo: &#8220;Cumpliendo una vez m\u00e1s con la labor institucional que nos toca, hoy volvi\u00f3 a sesionar el Senado Entrerriano para dar tratamiento a importantes iniciativas, como la media sanci\u00f3n al proyecto de Ley que promueve y garantiza derechos en el \u00e1mbito laboral para las personas travestis, transexuales y transg\u00e9nero en Entre R\u00edos. Celebro esta definici\u00f3n y destaco el consenso logrado porque en nuestra sociedad existe un patr\u00f3n sistem\u00e1tico de desigualdad que somete particularmente a estas personas a una cadena de exclusiones y discriminaci\u00f3n que obstaculiza sus recorridos educativos y laborales, y esta ley viene a intervenir en esas inequidades&#8221;, se\u00f1al\u00f3.<\/p>\n<p>La vicegobernadora adem\u00e1s destac\u00f3 entre otras iniciativas de inter\u00e9s para nuestras comunidades, &#8220;la media sanci\u00f3n a un proyecto que actualiza el contenido de art\u00edculos de la Ley N\u00ba 9671 de Violencia Laboral, y fija adem\u00e1s la capacitaci\u00f3n como herramienta para la prevenci\u00f3n&#8221;. &#8220;Es rol del Estado garantizar derechos. Por eso avanzar en una agenda de g\u00e9nero y diversidades es avanzar en la construcci\u00f3n de una Entre R\u00edos m\u00e1s justa e igualitaria&#8221;, finaliz\u00f3.<\/p>\n<p>El proyecto sancionado establece entre otros \u00edtems, un principio de no discriminaci\u00f3n bajo el cual toda persona \u201ctiene derecho al trabajo digno y productivo, a condiciones equitativas y satisfactorias de trabajo, a la protecci\u00f3n contra el desempleo, sin discriminaci\u00f3n por motivos de su identidad de g\u00e9nero\u201d.<\/p>\n<p>En cuanto al alcance de la norma, sostiene que \u201cel Estado provincial, sus organismos descentralizados y las empresas del Estado est\u00e1n obligados a ocupar personas travestis, transexuales y transg\u00e9nero, que re\u00fanan condiciones de idoneidad para el cargo, en una proporci\u00f3n no menor al uno por ciento (1 %) de la totalidad de su personal, y a establecer reservas de puestos de trabajo a ser ocupados exclusivamente por ellas, de acuerdo con las modalidades que fije la reglamentaci\u00f3n\u201d.<\/p>\n<p>Crea al mismo tiempo el \u201cRegistro \u00danico de Aspirantes\u201d con el objetivo de \u201cfacilitar la incorporaci\u00f3n laboral de las personas trans\u201dy fija, en otro orden, un \u201cr\u00e9gimen de Incentivo fiscal\u201d para los empleadores del sector privado que contraten a personas travestis, transexuales y transg\u00e9nero.<\/p>\n<p>&nbsp;<\/p>\n<p><strong>Violencia laboral<\/strong><\/p>\n<p>En la sesi\u00f3n de este mi\u00e9rcoles, el Senado entrerriano tambi\u00e9n le otorg\u00f3 media sanci\u00f3n al proyecto de Ley de autor\u00eda del senador Armando Gay (Concordia- Frente Justicialista) por el que se modifican art\u00edculos de la Ley N\u00ba 9671 de Violencia Laboral. El texto con despacho de la Comisi\u00f3n de Legislaci\u00f3n General, actualiza el contenido de esta norma provincial que data del 2005 fijando adem\u00e1s la capacitaci\u00f3n como herramienta para la prevenci\u00f3n. (Expediente N\u00ba 13.607).<\/p>\n<p>Al tomar la palabra, el senador por el Departamento Concordia explic\u00f3 c\u00f3mo se origin\u00f3 el proyecto considerando que \u201cfue un trabajo arduo\u201d en el que participaron varios actores. \u201cConsideramos que es una ley provincial que fue pionera en nuestro pa\u00eds pero vimos la necesidad de actualizarla y aggiornarla a tiempos actuales. Y es ah\u00ed donde el Estado es el actor fundamental para defender a todos los trabajadores v\u00edctimas de violencia\u201d, sostuvo Gay tras informar que en las denuncias realizadas entre 2012 y 2020 se registraron 462 denuncias de violencia laboral realizadas por mujeres.<\/p>\n<p>Siguiendo con los fundamentos, el senador explic\u00f3 que en este proyecto de ley se trat\u00f3 de plasmar la necesidad de \u201cconcientizar que esas acciones de violencia en el entorno jer\u00e1rquico y laboral se puedan proteger los derechos\u201d; y adem\u00e1s, \u201ccarecen de capacitaci\u00f3n en material laboral, lo que trae aparejado la falta de conocimiento e informaci\u00f3n\u201d. Y agreg\u00f3: \u201cEl esp\u00edritu del proyecto de ley, que tiende a modificar algunos art\u00edculos, apunta a la capacitaci\u00f3n pero que no sea s\u00f3lo para empleadores sino para todo el personal en relaci\u00f3n de dependencia; y tambi\u00e9n busca prever puniciones\u201d. El proyecto cuenta con dictamen un\u00e1nime de la Comisi\u00f3n de Legislaci\u00f3n General y \u201cahora quiero pedirles a los senadoras y senadores que acompa\u00f1en con su votaci\u00f3n\u201d, manifest\u00f3 Gay.<\/p>\n<p>&nbsp;<\/p>\n<p><strong>Otros temas<\/strong><\/p>\n<p>Durante el debate en el Senado se dio tratamiento a varias iniciativas, entre ellas, el proyecto de Comunicaci\u00f3n de autor\u00eda del senador Amilcar Genre Bert (La Paz- Frente Justicialista) que el Poder Ejecutivo Provincial, a trav\u00e9s del Ministerio de Producci\u00f3n, Turismo y Desarrollo Econ\u00f3mico, considere la declaraci\u00f3n de \u201cSanta Elena Zona de desarrollo de producci\u00f3n porcina\u201d (Expediente N\u00ba 13.726).<\/p>\n","protected":false},"excerpt":{"rendered":"<p>La vicegobernadora y presidenta del cuerpo, Laura Stratta, legisladoras y legisladores subrayaron la trascendencia de la iniciativa sancionada, que ahora deber\u00e1 ser ratificada por la Honorable C\u00e1mara de Diputados de Entre R\u00edos &nbsp; &nbsp; En la 11\u00ba sesi\u00f3n ordinaria del 141\u00ba per\u00edodo legislativo, la Honorable C\u00e1mara de Senadores adem\u00e1s le dio media sanci\u00f3n a un proyecto que actualiza art\u00edculos de la ley N\u00ba 9671 de Violencia Laboral, entre otros temas tratados. La Honorable C\u00e1mara de Senadores de Entre R\u00edos celebr\u00f3 este martes su 11\u00ba Sesi\u00f3n Ordinaria correspondiente al 141\u00ba per\u00edodo&#8230;<\/p>\n","protected":false},"author":3,"featured_media":67114,"comment_status":"closed","ping_status":"closed","sticky":false,"template":"","format":"standard","meta":[],"categories":[9,15],"tags":[],"_links":{"self":[{"href":"https:\/\/www.actualidadadiario.com\/index.php\/wp-json\/wp\/v2\/posts\/67113"}],"collection":[{"href":"https:\/\/www.actualidadadiario.com\/index.php\/wp-json\/wp\/v2\/posts"}],"about":[{"href":"https:\/\/www.actualidadadiario.com\/index.php\/wp-json\/wp\/v2\/types\/post"}],"author":[{"embeddable":true,"href":"https:\/\/www.actualidadadiario.com\/index.php\/wp-json\/wp\/v2\/users\/3"}],"replies":[{"embeddable":true,"href":"https:\/\/www.actualidadadiario.com\/index.php\/wp-json\/wp\/v2\/comments?post=67113"}],"version-history":[{"count":1,"href":"https:\/\/www.actualidadadiario.com\/index.php\/wp-json\/wp\/v2\/posts\/67113\/revisions"}],"predecessor-version":[{"id":67115,"href":"https:\/\/www.actualidadadiario.com\/index.php\/wp-json\/wp\/v2\/posts\/67113\/revisions\/67115"}],"wp:featuredmedia":[{"embeddable":true,"href":"https:\/\/www.actualidadadiario.com\/index.php\/wp-json\/wp\/v2\/media\/67114"}],"wp:attachment":[{"href":"https:\/\/www.actualidadadiario.com\/index.php\/wp-json\/wp\/v2\/media?parent=67113"}],"wp:term":[{"taxonomy":"category","embeddable":true,"href":"https:\/\/www.actualidadadiario.com\/index.php\/wp-json\/wp\/v2\/categories?post=67113"},{"taxonomy":"post_tag","embeddable":true,"href":"https:\/\/www.actualidadadiario.com\/index.php\/wp-json\/wp\/v2\/tags?post=67113"}],"curies":[{"name":"wp","href":"https:\/\/api.w.org\/{rel}","templated":true}]}}