{"id":67110,"date":"2020-09-17T12:08:35","date_gmt":"2020-09-17T15:08:35","guid":{"rendered":"https:\/\/www.actualidadadiario.com\/?p=67110"},"modified":"2020-09-28T16:18:08","modified_gmt":"2020-09-28T19:18:08","slug":"bordet-ponernos-de-acuerdo-priorizando-a-las-personas-es-lo-que-importa","status":"publish","type":"post","link":"https:\/\/www.actualidadadiario.com\/index.php\/2020\/09\/17\/bordet-ponernos-de-acuerdo-priorizando-a-las-personas-es-lo-que-importa\/","title":{"rendered":"Bordet: \u201cPonernos de acuerdo priorizando a las personas es lo que importa\u201d"},"content":{"rendered":"<p style=\"text-align: center;\"><em><strong>\u201cEn esta \u00e9poca tan dif\u00edcil, nuestra agenda de trabajo diario se focaliza no s\u00f3lo la contenci\u00f3n sanitaria sino en las gestiones para sostener el sistema productivo y el empleo a trav\u00e9s de pol\u00edticas p\u00fablicas\u201d, expres\u00f3 hoy el gobernador Gustavo Bordet en el departamento Tala<\/strong><\/em><\/p>\n<p>&nbsp;<\/p>\n<p>&nbsp;<\/p>\n<p>Lo hizo al firmar el contrato para el acceso asfaltado a Maci\u00e1 desde la Ruta Provincial N\u00b06 y visitar el frigor\u00edfico ovino de Mansilla, \u00fanico en la provincia.<\/p>\n<p>El mandatario inst\u00f3 a &#8220;renovar el compromiso entre todos de trabajar en conjunto con los municipios de la provincia, poniendo por delante a las personas y las gestiones, que es lo que importa, y el ponernos de acuerdo para que mejore la calidad de vida en cada ciudad, pueblo o comuna\u201d.<\/p>\n<p>El gobernador, junto a la vicegobernadora Laura Stratta, estuvo este mi\u00e9rcoles en Gobernador Mansilla. All\u00ed anunci\u00f3 la realizaci\u00f3n del proyecto para incluir en el presupuesto 2021 el nuevo edificio de la escuela secundaria.<\/p>\n<p>Bordet fue recibido en el municipio por el intendente Francisco Pasinatto, y estuvieron presentes tambi\u00e9n el ministro de Producci\u00f3n, Juan Jos\u00e9 Bahillo; la titular de Vialidad, Alicia Ben\u00edtez; el presidente del Instituto de Cooperativas de la provincia, Juan Etchemendy; el senador provincial Eduardo Migueles; el diputado provincial Juan Reynaldo Navarro; y el intendente de Maci\u00e1, Juan Diego Conti.<\/p>\n<p>La obra de acceso a Maci\u00e1 desde la ruta provincial 6 fue adjudicada a la Empresa Dos Arroyos S. A. con un presupuesto de 280 millones de pesos, y se proceder\u00e1 a la reconstrucci\u00f3n de la trama vial en una longitud aproximada de 10.860 metros.<\/p>\n<p>En la oportunidad, Bordet visit\u00f3 la escuela privada de Educaci\u00f3n Integral Santa Rita, donde hizo entrega del primero de tres aportes de 300.000 pesos para esta asociaci\u00f3n que trabaja con chicos discapacitados. \u201cNuestra gesti\u00f3n tienen un profundo compromiso con las asociaciones que trabajan en discapacidad, valoramos much\u00edsimo el esfuerzo que hacen los padres, los chicos y los vecinos de la ciudad, y eso tiene que ser apoyado por el Estado&#8221;, subray\u00f3.<\/p>\n<p>Durante su visita, el mandatario recorri\u00f3 la planta del Frigor\u00edfico Ovino Cooperativa Agropecuaria Federada Gobernador Mansilla, que \u201ces el primero y \u00fanico que est\u00e1 produciendo faenas en la provincia, ya que antes ten\u00eda que hacerse fuera de Entre R\u00edos\u201d, dijo.<\/p>\n<p>\u201cHay unos 600.000 lanares en la provincia y por eso es muy importante tener esta capacidad instalada ac\u00e1, sobre todo porque la que administra es una cooperativa, lo cual demuestra el esfuerzo solidario de todos los productores que se nuclean, a trav\u00e9s de las cooperativas\u201d.<\/p>\n<p>La Cooperativa Agropecuaria Federada Gobernador Mansilla y los productores, de esta manera, lograron dar este paso para la puesta en marcha del frigor\u00edfico de ovinos y caprinos, un sue\u00f1o que se inici\u00f3 en 2014 con la compra del predio del ex frigor\u00edfico municipal ubicado en el kil\u00f3metro 65 de la ruta provincial 19, en el ejido de Mansilla, departamento Tala.<\/p>\n<p>Mejorar las perspectivas de los productores a trav\u00e9s del agregado de valor, generar puestos de trabajo y ofrecer cortes de carne ovina y caprina de calidad a los entrerrianos son los desaf\u00edos.<\/p>\n<p>Por otro lado, el mandatario dialog\u00f3 con el intendente sobre distintas acciones para llevar adelante en la localidad, una de ellas es el edificio de la escuela secundaria. \u201cLa municipalidad va a donar el terreno, que es muy importante y podemos avizorar que va a ser una gran obra\u201d.<\/p>\n<p>\u201cTrabajaremos sobre el proyecto y los legisladores la incluir\u00e1n para el presupuesto 2021. A mediados del pr\u00f3ximo a\u00f1o se estar\u00e1 con todos los tr\u00e1mites para poder iniciar una obra que es muy importante para la localidad de Mansilla y su comunidad educativa&#8221;, adelant\u00f3.<\/p>\n<p>Asimismo, anunci\u00f3 que se incluir\u00e1n tambi\u00e9n en el presupuesto \u201clas obras estructurales que son necesarias para el hospital local, que estaremos comenzando en 2021. Estamos asumiendo p\u00fablicamente el compromiso de poder llevarlo adelante&#8221;.<\/p>\n<p>&nbsp;<\/p>\n<p><strong>Obras en la ruta 6<\/strong><\/p>\n<p>A la vez, habida cuenta de que se retomaron los trabajos en la ruta provincial 6, entre Sauce de Luna y Paso de la Laguna, Bordet coment\u00f3 que \u201cahora estamos gestionando en Vialidad para que una vez terminado ese tramo se contin\u00fae con el otro tramo de la ruta 6 hasta el cruce con la 12, con lo cual quedar\u00eda terminada la trama vial que tanto necesitamos\u201d.<\/p>\n<p>Los trabajos en la ruta provincial 6 se reiniciaron la semana pasada luego de un nuevo convenio entre Naci\u00f3n y el gobierno provincial. Las tareas se concentran a la altura de Mojones Sur, entre las rutas nacionales 18 y 127.<\/p>\n<p>Se comenz\u00f3 con todos los trabajos de reciclado de la cinta asf\u00e1ltica. Adem\u00e1s se est\u00e1 instalando la planta de asfalto y se espera contar con la primera base de pavimento en este tramo a fines de septiembre.<\/p>\n<p>&#8220;Trabajar en \u00e9poca de pandemia, que complica mucho; pero es necesario adem\u00e1s de lo sanitario, tener una agenda que vaya insistiendo y vaya profundizando en otros temas que tienen que ver por ejemplo con obras viales, educativas y productivas&#8221;, sostuvo el gobernador y acot\u00f3 que &#8220;con el intendente conversaremos sobre el plan Argentina Hace y el plan maestro de agua y cloaca que tiene para la ciudad. Varios temas que hacen a nuestras gestiones&#8221;.<\/p>\n<p>A su turno, el intendente afirm\u00f3 que &#8220;es un gusto tenerlo ac\u00e1 al gobernador. Me llena de orgullo y espero que se lleve la mejor de las impresiones de nuestro pueblo. La intenci\u00f3n es trabajar por el bien com\u00fan de los ciudadanos&#8221;.<\/p>\n<p>El mandatario concluy\u00f3 su estad\u00eda en la localidad, con una visita a la f\u00e1brica de cervezas Eisenbr\u00fcche que tiene la localidad.<\/p>\n","protected":false},"excerpt":{"rendered":"<p>\u201cEn esta \u00e9poca tan dif\u00edcil, nuestra agenda de trabajo diario se focaliza no s\u00f3lo la contenci\u00f3n sanitaria sino en las gestiones para sostener el sistema productivo y el empleo a trav\u00e9s de pol\u00edticas p\u00fablicas\u201d, expres\u00f3 hoy el gobernador Gustavo Bordet en el departamento Tala &nbsp; &nbsp; Lo hizo al firmar el contrato para el acceso asfaltado a Maci\u00e1 desde la Ruta Provincial N\u00b06 y visitar el frigor\u00edfico ovino de Mansilla, \u00fanico en la provincia. El mandatario inst\u00f3 a &#8220;renovar el compromiso entre todos de trabajar en conjunto con los municipios&#8230;<\/p>\n","protected":false},"author":3,"featured_media":67111,"comment_status":"closed","ping_status":"closed","sticky":false,"template":"","format":"standard","meta":[],"categories":[15],"tags":[],"_links":{"self":[{"href":"https:\/\/www.actualidadadiario.com\/index.php\/wp-json\/wp\/v2\/posts\/67110"}],"collection":[{"href":"https:\/\/www.actualidadadiario.com\/index.php\/wp-json\/wp\/v2\/posts"}],"about":[{"href":"https:\/\/www.actualidadadiario.com\/index.php\/wp-json\/wp\/v2\/types\/post"}],"author":[{"embeddable":true,"href":"https:\/\/www.actualidadadiario.com\/index.php\/wp-json\/wp\/v2\/users\/3"}],"replies":[{"embeddable":true,"href":"https:\/\/www.actualidadadiario.com\/index.php\/wp-json\/wp\/v2\/comments?post=67110"}],"version-history":[{"count":1,"href":"https:\/\/www.actualidadadiario.com\/index.php\/wp-json\/wp\/v2\/posts\/67110\/revisions"}],"predecessor-version":[{"id":67112,"href":"https:\/\/www.actualidadadiario.com\/index.php\/wp-json\/wp\/v2\/posts\/67110\/revisions\/67112"}],"wp:featuredmedia":[{"embeddable":true,"href":"https:\/\/www.actualidadadiario.com\/index.php\/wp-json\/wp\/v2\/media\/67111"}],"wp:attachment":[{"href":"https:\/\/www.actualidadadiario.com\/index.php\/wp-json\/wp\/v2\/media?parent=67110"}],"wp:term":[{"taxonomy":"category","embeddable":true,"href":"https:\/\/www.actualidadadiario.com\/index.php\/wp-json\/wp\/v2\/categories?post=67110"},{"taxonomy":"post_tag","embeddable":true,"href":"https:\/\/www.actualidadadiario.com\/index.php\/wp-json\/wp\/v2\/tags?post=67110"}],"curies":[{"name":"wp","href":"https:\/\/api.w.org\/{rel}","templated":true}]}}