{"id":67104,"date":"2020-09-16T12:32:29","date_gmt":"2020-09-16T15:32:29","guid":{"rendered":"https:\/\/www.actualidadadiario.com\/?p=67104"},"modified":"2020-09-28T16:18:08","modified_gmt":"2020-09-28T19:18:08","slug":"yoshihide-suga-es-el-nuevo-primer-ministro-de-japon","status":"publish","type":"post","link":"https:\/\/www.actualidadadiario.com\/index.php\/2020\/09\/16\/yoshihide-suga-es-el-nuevo-primer-ministro-de-japon\/","title":{"rendered":"Yoshihide Suga es el nuevo primer ministro de Jap\u00f3n"},"content":{"rendered":"<p style=\"text-align: center;\"><em><strong>El exjefe de Gabinete y exministro portavoz fue designado por el Parlamento nip\u00f3n, luego de que Abe anunciara su renuncia por motivos de salud<\/strong><\/em><\/p>\n<p>&nbsp;<\/p>\n<p>&nbsp;<\/p>\n<p>El Parlamento nip\u00f3n design\u00f3 como nuevo primer ministro a Yoshihide Suga, en reemplazo de Shinzo Abe, quien decidi\u00f3 renunciar por razones de salud despu\u00e9s de casi ocho a\u00f1os como jefe de Gobierno.<\/p>\n<p>Suga, que el lunes gan\u00f3 de forma aplastante las elecciones internas de su formaci\u00f3n, el Partido Liberal Dem\u00f3crata (PLD) para convertirse en su nuevo jefe, prometi\u00f3 continuar con la pol\u00edtica de su predecesor, que ocupaba el poder desde finales de 2012.<\/p>\n<p>El exjefe de Gabinete y exministro portavoz de Abe recibi\u00f3 314 de los 462 votos emitidos en una sesi\u00f3n extraordinaria de la C\u00e1mara Baja de la Dieta, convocada con el fin de ratificar esa elecci\u00f3n a partir de la propuesta del partido gobernante. Una vez elegido en esa instancia, la m\u00e1s importante del Parlamento nip\u00f3n, se pas\u00f3 a la votaci\u00f3n de la C\u00e1mara Alta, con menos funciones que la anterior, y en donde Suga obtuvo 142 de los 243 votos emitidos.<\/p>\n<p>Abe anunci\u00f3 el pasado 28 de agosto su decisi\u00f3n de renunciar por complicaciones vinculadas con la colitis ulcerosa cr\u00f3nica que viene sufriendo desde su juventud y que se agudiz\u00f3 en los \u00faltimos meses. Fue primer ministro durante algo m\u00e1s de un a\u00f1o entre 2006 y 2007 y tambi\u00e9n desde 2012, lo que le convirti\u00f3 en la persona que m\u00e1s tiempo ha durado en esas funciones en la reciente historia de Jap\u00f3n.<\/p>\n","protected":false},"excerpt":{"rendered":"<p>El exjefe de Gabinete y exministro portavoz fue designado por el Parlamento nip\u00f3n, luego de que Abe anunciara su renuncia por motivos de salud &nbsp; &nbsp; El Parlamento nip\u00f3n design\u00f3 como nuevo primer ministro a Yoshihide Suga, en reemplazo de Shinzo Abe, quien decidi\u00f3 renunciar por razones de salud despu\u00e9s de casi ocho a\u00f1os como jefe de Gobierno. Suga, que el lunes gan\u00f3 de forma aplastante las elecciones internas de su formaci\u00f3n, el Partido Liberal Dem\u00f3crata (PLD) para convertirse en su nuevo jefe, prometi\u00f3 continuar con la pol\u00edtica de su&#8230;<\/p>\n","protected":false},"author":3,"featured_media":67105,"comment_status":"closed","ping_status":"closed","sticky":false,"template":"","format":"standard","meta":[],"categories":[4],"tags":[],"_links":{"self":[{"href":"https:\/\/www.actualidadadiario.com\/index.php\/wp-json\/wp\/v2\/posts\/67104"}],"collection":[{"href":"https:\/\/www.actualidadadiario.com\/index.php\/wp-json\/wp\/v2\/posts"}],"about":[{"href":"https:\/\/www.actualidadadiario.com\/index.php\/wp-json\/wp\/v2\/types\/post"}],"author":[{"embeddable":true,"href":"https:\/\/www.actualidadadiario.com\/index.php\/wp-json\/wp\/v2\/users\/3"}],"replies":[{"embeddable":true,"href":"https:\/\/www.actualidadadiario.com\/index.php\/wp-json\/wp\/v2\/comments?post=67104"}],"version-history":[{"count":1,"href":"https:\/\/www.actualidadadiario.com\/index.php\/wp-json\/wp\/v2\/posts\/67104\/revisions"}],"predecessor-version":[{"id":67106,"href":"https:\/\/www.actualidadadiario.com\/index.php\/wp-json\/wp\/v2\/posts\/67104\/revisions\/67106"}],"wp:featuredmedia":[{"embeddable":true,"href":"https:\/\/www.actualidadadiario.com\/index.php\/wp-json\/wp\/v2\/media\/67105"}],"wp:attachment":[{"href":"https:\/\/www.actualidadadiario.com\/index.php\/wp-json\/wp\/v2\/media?parent=67104"}],"wp:term":[{"taxonomy":"category","embeddable":true,"href":"https:\/\/www.actualidadadiario.com\/index.php\/wp-json\/wp\/v2\/categories?post=67104"},{"taxonomy":"post_tag","embeddable":true,"href":"https:\/\/www.actualidadadiario.com\/index.php\/wp-json\/wp\/v2\/tags?post=67104"}],"curies":[{"name":"wp","href":"https:\/\/api.w.org\/{rel}","templated":true}]}}