{"id":67098,"date":"2020-09-16T12:30:36","date_gmt":"2020-09-16T15:30:36","guid":{"rendered":"https:\/\/www.actualidadadiario.com\/?p=67098"},"modified":"2020-09-28T16:18:08","modified_gmt":"2020-09-28T19:18:08","slug":"la-xenofobia-de-la-presidenta-de-la-comunidad-de-madrid-culpo-a-los-inmigrantes-por-los-casos-de-coronavirus","status":"publish","type":"post","link":"https:\/\/www.actualidadadiario.com\/index.php\/2020\/09\/16\/la-xenofobia-de-la-presidenta-de-la-comunidad-de-madrid-culpo-a-los-inmigrantes-por-los-casos-de-coronavirus\/","title":{"rendered":"La xenofobia de la presidenta de la Comunidad de Madrid: culp\u00f3 a los inmigrantes por los casos de coronavirus"},"content":{"rendered":"<p style=\"text-align: center;\"><em><strong>Isabel D\u00edaz Ayuso fue duramente cuestionada por adjudicar a los extranjeros que viven en Madrid la responsabilidad por los nuevos brotes. &#8220;No puede alentar el odio, no puede alentar el racismo&#8221;, le reproch\u00f3 un legislador de Unidas Podemos<\/strong><\/em><\/p>\n<p>&nbsp;<\/p>\n<p>&nbsp;<\/p>\n<p>La presidenta de la Comunidad de Madrid, Isabel D\u00edaz Ayuso, del Partido Popular, acus\u00f3 a los inmigrantes de ser responsables del aumento de los contagios de coronavirus en la capital espa\u00f1ola. \u201cEfectivamente, (los contagios) se est\u00e1n produciendo entre otras cosas por el modo de vida que tiene nuestra inmigraci\u00f3n en Madrid\u201d, afirm\u00f3 la funcionaria durante el debate sobre el estado de la regi\u00f3n en la Asamblea de la ciudad. Representantes de Unidos Podemos le exigieron una disculpa.<\/p>\n<p>\u201cLos contagios se dan sobre todo en los distritos del sur, eso nos dicen nuestros estudios serol\u00f3gicos -explic\u00f3 D\u00edaz Ayuso-. Y s\u00ed, efectivamente, se est\u00e1n produciendo entre otras cosas por el modo de vida que tiene nuestra inmigraci\u00f3n en Madrid y por la densidad de poblaci\u00f3n de esos distritos y municipios. Es una forma de vivir en Madrid, claro que s\u00ed\u201d.<\/p>\n<p>Hasta el martes, la comunidad aut\u00f3noma report\u00f3 3.656 casos de coronavirus. Seg\u00fan D\u00edaz Ayuso, la mayor\u00eda de los contagios se presentan en los distritos del sur, que tienen mayor densidad de poblaci\u00f3n y donde viven comunidades de migrantes.<\/p>\n<p>Durante la sesi\u00f3n, Jacinto Morano, abogado y diputado de la Asamblea de Madrid por el partido Unidas Podemos, acus\u00f3 a D\u00edaz Ayuso de haber alentado el odio contra los inmigrantes y le exigi\u00f3 que se disculpe.<\/p>\n<p>\u201cHa hecho una afirmaci\u00f3n muy grave, ha dicho usted que la culpa de la expansi\u00f3n de la pandemia es la forma de vida de los inmigrantes de la Comunidad de Madrid -denunci\u00f3 Morano-. No puede alentar el odio, no puede alentar el racismo y no puede alentar patra\u00f1as de ese nivel que a cualquier liberal de tal nombre le har\u00edan revolverse. Le exijo que lo retire\u201d.<\/p>\n<p>Sin embargo, la presidenta de la comunidad respondi\u00f3 que se trata de \u201cun juego de la izquierda\u201d. \u201cTampoco he hablado de los inmigrantes de manera racista, ni despectiva\u201d, asegur\u00f3 D\u00edaz Ayuso y sostuvo que jam\u00e1s se le ocurrir\u00eda \u201calgo semejante\u201d. \u201cEl virus se ceba con familias que viven m\u00e1s personas juntas en instalaciones m\u00e1s peque\u00f1as, en viviendas m\u00e1s peque\u00f1as, eso es una realidad. Es todo lo que he dicho, no voy a entrar en provocaciones\u201d, afirm\u00f3.<\/p>\n<p>Al final de la sesi\u00f3n, despu\u00e9s de que Morano insistiera en un pedido de disculpas, D\u00edaz Ayuso respondi\u00f3 que si el diputado de Unidos Podemos considera que hay algo racista en sus palabras la lleve a los tribunales. \u201cY si no, olv\u00eddeme\u201d, concluy\u00f3.<\/p>\n","protected":false},"excerpt":{"rendered":"<p>Isabel D\u00edaz Ayuso fue duramente cuestionada por adjudicar a los extranjeros que viven en Madrid la responsabilidad por los nuevos brotes. &#8220;No puede alentar el odio, no puede alentar el racismo&#8221;, le reproch\u00f3 un legislador de Unidas Podemos &nbsp; &nbsp; La presidenta de la Comunidad de Madrid, Isabel D\u00edaz Ayuso, del Partido Popular, acus\u00f3 a los inmigrantes de ser responsables del aumento de los contagios de coronavirus en la capital espa\u00f1ola. \u201cEfectivamente, (los contagios) se est\u00e1n produciendo entre otras cosas por el modo de vida que tiene nuestra inmigraci\u00f3n en&#8230;<\/p>\n","protected":false},"author":3,"featured_media":67099,"comment_status":"closed","ping_status":"closed","sticky":false,"template":"","format":"standard","meta":[],"categories":[4],"tags":[],"_links":{"self":[{"href":"https:\/\/www.actualidadadiario.com\/index.php\/wp-json\/wp\/v2\/posts\/67098"}],"collection":[{"href":"https:\/\/www.actualidadadiario.com\/index.php\/wp-json\/wp\/v2\/posts"}],"about":[{"href":"https:\/\/www.actualidadadiario.com\/index.php\/wp-json\/wp\/v2\/types\/post"}],"author":[{"embeddable":true,"href":"https:\/\/www.actualidadadiario.com\/index.php\/wp-json\/wp\/v2\/users\/3"}],"replies":[{"embeddable":true,"href":"https:\/\/www.actualidadadiario.com\/index.php\/wp-json\/wp\/v2\/comments?post=67098"}],"version-history":[{"count":1,"href":"https:\/\/www.actualidadadiario.com\/index.php\/wp-json\/wp\/v2\/posts\/67098\/revisions"}],"predecessor-version":[{"id":67100,"href":"https:\/\/www.actualidadadiario.com\/index.php\/wp-json\/wp\/v2\/posts\/67098\/revisions\/67100"}],"wp:featuredmedia":[{"embeddable":true,"href":"https:\/\/www.actualidadadiario.com\/index.php\/wp-json\/wp\/v2\/media\/67099"}],"wp:attachment":[{"href":"https:\/\/www.actualidadadiario.com\/index.php\/wp-json\/wp\/v2\/media?parent=67098"}],"wp:term":[{"taxonomy":"category","embeddable":true,"href":"https:\/\/www.actualidadadiario.com\/index.php\/wp-json\/wp\/v2\/categories?post=67098"},{"taxonomy":"post_tag","embeddable":true,"href":"https:\/\/www.actualidadadiario.com\/index.php\/wp-json\/wp\/v2\/tags?post=67098"}],"curies":[{"name":"wp","href":"https:\/\/api.w.org\/{rel}","templated":true}]}}