{"id":67090,"date":"2020-09-16T12:28:12","date_gmt":"2020-09-16T15:28:12","guid":{"rendered":"https:\/\/www.actualidadadiario.com\/?p=67090"},"modified":"2020-09-28T16:18:08","modified_gmt":"2020-09-28T19:18:08","slug":"el-presidente-presenta-el-plan-nacional-de-conectividad","status":"publish","type":"post","link":"https:\/\/www.actualidadadiario.com\/index.php\/2020\/09\/16\/el-presidente-presenta-el-plan-nacional-de-conectividad\/","title":{"rendered":"El Presidente presenta el Plan Nacional de Conectividad"},"content":{"rendered":"<p style=\"text-align: center;\"><em><strong>Alberto Fern\u00e1ndez encabezar\u00e1 hoy el acto que se llevar\u00e1 a cabo en la sede central de Arsat, ubicada en la localidad bonaerense de Benav\u00eddez, en el municipio de Tigre<\/strong><\/em><\/p>\n<p>&nbsp;<\/p>\n<p>&nbsp;<\/p>\n<p>El presidente Alberto Fern\u00e1ndez encabezar\u00e1 hoy la presentaci\u00f3n del Plan Nacional de Conectividad, se inform\u00f3 oficialmente.<\/p>\n<p>El acto se llevar\u00e1 a cabo en la sede central de Arsat, ubicada en la localidad bonaerense de Benav\u00eddez, en el municipio de Tigre.<\/p>\n<p>De la actividad, anunciada para las 11.30, participar\u00e1 tambi\u00e9n el jefe de Gabinete, Santiago Cafiero.<\/p>\n","protected":false},"excerpt":{"rendered":"<p>Alberto Fern\u00e1ndez encabezar\u00e1 hoy el acto que se llevar\u00e1 a cabo en la sede central de Arsat, ubicada en la localidad bonaerense de Benav\u00eddez, en el municipio de Tigre &nbsp; &nbsp; El presidente Alberto Fern\u00e1ndez encabezar\u00e1 hoy la presentaci\u00f3n del Plan Nacional de Conectividad, se inform\u00f3 oficialmente. El acto se llevar\u00e1 a cabo en la sede central de Arsat, ubicada en la localidad bonaerense de Benav\u00eddez, en el municipio de Tigre. De la actividad, anunciada para las 11.30, participar\u00e1 tambi\u00e9n el jefe de Gabinete, Santiago Cafiero.<\/p>\n","protected":false},"author":3,"featured_media":65886,"comment_status":"closed","ping_status":"closed","sticky":false,"template":"","format":"standard","meta":[],"categories":[18],"tags":[],"_links":{"self":[{"href":"https:\/\/www.actualidadadiario.com\/index.php\/wp-json\/wp\/v2\/posts\/67090"}],"collection":[{"href":"https:\/\/www.actualidadadiario.com\/index.php\/wp-json\/wp\/v2\/posts"}],"about":[{"href":"https:\/\/www.actualidadadiario.com\/index.php\/wp-json\/wp\/v2\/types\/post"}],"author":[{"embeddable":true,"href":"https:\/\/www.actualidadadiario.com\/index.php\/wp-json\/wp\/v2\/users\/3"}],"replies":[{"embeddable":true,"href":"https:\/\/www.actualidadadiario.com\/index.php\/wp-json\/wp\/v2\/comments?post=67090"}],"version-history":[{"count":1,"href":"https:\/\/www.actualidadadiario.com\/index.php\/wp-json\/wp\/v2\/posts\/67090\/revisions"}],"predecessor-version":[{"id":67091,"href":"https:\/\/www.actualidadadiario.com\/index.php\/wp-json\/wp\/v2\/posts\/67090\/revisions\/67091"}],"wp:featuredmedia":[{"embeddable":true,"href":"https:\/\/www.actualidadadiario.com\/index.php\/wp-json\/wp\/v2\/media\/65886"}],"wp:attachment":[{"href":"https:\/\/www.actualidadadiario.com\/index.php\/wp-json\/wp\/v2\/media?parent=67090"}],"wp:term":[{"taxonomy":"category","embeddable":true,"href":"https:\/\/www.actualidadadiario.com\/index.php\/wp-json\/wp\/v2\/categories?post=67090"},{"taxonomy":"post_tag","embeddable":true,"href":"https:\/\/www.actualidadadiario.com\/index.php\/wp-json\/wp\/v2\/tags?post=67090"}],"curies":[{"name":"wp","href":"https:\/\/api.w.org\/{rel}","templated":true}]}}