{"id":67086,"date":"2020-09-16T12:26:33","date_gmt":"2020-09-16T15:26:33","guid":{"rendered":"https:\/\/www.actualidadadiario.com\/?p=67086"},"modified":"2020-09-28T16:18:08","modified_gmt":"2020-09-28T19:18:08","slug":"tras-la-negativa-de-la-corte-al-amparo-urgente-de-bruglia-y-bertuzzi-el-senado-revisa-su-traslado","status":"publish","type":"post","link":"https:\/\/www.actualidadadiario.com\/index.php\/2020\/09\/16\/tras-la-negativa-de-la-corte-al-amparo-urgente-de-bruglia-y-bertuzzi-el-senado-revisa-su-traslado\/","title":{"rendered":"Tras la negativa de la Corte al amparo &#8220;urgente&#8221; de Bruglia y Bertuzzi, el Senado revisa su traslado"},"content":{"rendered":"<p style=\"text-align: center;\"><em><strong>Hab\u00edan pedido una medida cautelar para permanecer en la C\u00e1mara Federal, donde fueron designados sin acuerdo del Congreso por decreto de Mauricio Macri. Ante el rechazo de la Corte a tratarlo de manera anticipada, su designaci\u00f3n ser\u00e1 revisada por la C\u00e1mara alta<\/strong><\/em><\/p>\n<p>&nbsp;<\/p>\n<p>&nbsp;<\/p>\n<p>Tras la decisi\u00f3n de la Corte Suprema de Justicia de desestimar el pedido de un recurso de amparo de los camaristas Leopoldo Bruglia y Pablo Bertuzzi, el Senado trata este mi\u00e9rcoles en una sesi\u00f3n especial su traslado por decreto a la C\u00e1mara Federal.<\/p>\n<p>Los jueces federales hab\u00edan recurrido al m\u00e1ximo tribunal como \u00faltima alternativa para frenar la decisi\u00f3n de la C\u00e1mara alta de devolverlos a su tribunal de origen. En primera instancia ya hab\u00edan rechazado su pedido de una medida cautelar para seguir en el cargo, por lo que hicieron un pedido de \u201cper saltum\u201d para acelerar los tiempos de llegada a la Corte y evitar su desplazamiento.<\/p>\n<p>Sin embargo, en la reuni\u00f3n de acuerdo virtual realizada este martes, los cinco integrantes, definieron que el pedido de los camaristas no revest\u00eda urgencia pero se notificaron de la medida.<\/p>\n<p>&#8220;A la presentaci\u00f3n digital de los doctores Bertuzzi y Bruglia del 14 de septiembre de 2020, t\u00e9ngase presente para el momento de la resoluci\u00f3n final de la causa por esta Corte, de acuerdo a la v\u00eda que este Tribunal oportunamente determine&#8221;, resolvieron Carlos Rosenkrantz, Elena Highton de Nolasco, Ricardo Lorenzetti, Juan Carlos Maqueda y Horacio Rosatti.<\/p>\n<p>Tanto Bruglia como Bertuzzi eran jueces del Tribunal Oral Federal 4 cuando fueron trasladados en 2018, por un decreto del entonces presidente Mauricio Macri, a la C\u00e1mara Federal porte\u00f1a, primera instancia de apelaci\u00f3n de la docena de juzgados federales ubicados en la Ciudad de Buenos Aires.<\/p>\n<p>Esta situaci\u00f3n fue considerada &#8220;irregular&#8221; por el Consejo de la Magistratura, a instancias de un informe del representante del Poder Ejecutivo, Ger\u00f3nimo Ustarroz, que detect\u00f3 10 casos de asimetr\u00edas evidentes entre el tribunal de origen y el de destino.<\/p>\n<p>Esta situaci\u00f3n ser\u00e1 analizada en la sesi\u00f3n especial convocada para este mi\u00e9rcoles en el Senado, que debe decidir si concede o niega el acuerdo para su traslado.<\/p>\n<p>\u201cNo se les va a prestar el acuerdo a Bertuzzi y Bruglia y tendr\u00e1n que volver a sus juzgados&#8221;, adelant\u00f3 el senador oficialista Oscar Parrilli resumi\u00f3 Parrilli en declaraciones a El Destape Radio y se\u00f1al\u00f3 que \u201cfueron puestos a dedo y est\u00e1n demostrando que s\u00f3lo fueron designados para hacer persecuciones y se quieren quedar para darle impunidad a Macri&#8221;.<\/p>\n<p>&#8220;El Consejo de la Magistratura encontr\u00f3 10 casos de jueces que fueron trasladados sin acuerdo del Senado&#8221; y &#8220;Bruglia y Bertuzzi se revelaron, no concurrieron al Senado y est\u00e1n demostrando que son jueces especiales&#8221;, a\u00f1adi\u00f3 el legislador.<\/p>\n","protected":false},"excerpt":{"rendered":"<p>Hab\u00edan pedido una medida cautelar para permanecer en la C\u00e1mara Federal, donde fueron designados sin acuerdo del Congreso por decreto de Mauricio Macri. Ante el rechazo de la Corte a tratarlo de manera anticipada, su designaci\u00f3n ser\u00e1 revisada por la C\u00e1mara alta &nbsp; &nbsp; Tras la decisi\u00f3n de la Corte Suprema de Justicia de desestimar el pedido de un recurso de amparo de los camaristas Leopoldo Bruglia y Pablo Bertuzzi, el Senado trata este mi\u00e9rcoles en una sesi\u00f3n especial su traslado por decreto a la C\u00e1mara Federal. Los jueces federales&#8230;<\/p>\n","protected":false},"author":3,"featured_media":66577,"comment_status":"closed","ping_status":"closed","sticky":false,"template":"","format":"standard","meta":[],"categories":[18],"tags":[],"_links":{"self":[{"href":"https:\/\/www.actualidadadiario.com\/index.php\/wp-json\/wp\/v2\/posts\/67086"}],"collection":[{"href":"https:\/\/www.actualidadadiario.com\/index.php\/wp-json\/wp\/v2\/posts"}],"about":[{"href":"https:\/\/www.actualidadadiario.com\/index.php\/wp-json\/wp\/v2\/types\/post"}],"author":[{"embeddable":true,"href":"https:\/\/www.actualidadadiario.com\/index.php\/wp-json\/wp\/v2\/users\/3"}],"replies":[{"embeddable":true,"href":"https:\/\/www.actualidadadiario.com\/index.php\/wp-json\/wp\/v2\/comments?post=67086"}],"version-history":[{"count":1,"href":"https:\/\/www.actualidadadiario.com\/index.php\/wp-json\/wp\/v2\/posts\/67086\/revisions"}],"predecessor-version":[{"id":67087,"href":"https:\/\/www.actualidadadiario.com\/index.php\/wp-json\/wp\/v2\/posts\/67086\/revisions\/67087"}],"wp:featuredmedia":[{"embeddable":true,"href":"https:\/\/www.actualidadadiario.com\/index.php\/wp-json\/wp\/v2\/media\/66577"}],"wp:attachment":[{"href":"https:\/\/www.actualidadadiario.com\/index.php\/wp-json\/wp\/v2\/media?parent=67086"}],"wp:term":[{"taxonomy":"category","embeddable":true,"href":"https:\/\/www.actualidadadiario.com\/index.php\/wp-json\/wp\/v2\/categories?post=67086"},{"taxonomy":"post_tag","embeddable":true,"href":"https:\/\/www.actualidadadiario.com\/index.php\/wp-json\/wp\/v2\/tags?post=67086"}],"curies":[{"name":"wp","href":"https:\/\/api.w.org\/{rel}","templated":true}]}}