{"id":67083,"date":"2020-09-16T12:25:50","date_gmt":"2020-09-16T15:25:50","guid":{"rendered":"https:\/\/www.actualidadadiario.com\/?p=67083"},"modified":"2020-09-28T16:18:08","modified_gmt":"2020-09-28T19:18:08","slug":"diputados-avanzo-con-perdon-a-provincias-por-deudas-con-anses","status":"publish","type":"post","link":"https:\/\/www.actualidadadiario.com\/index.php\/2020\/09\/16\/diputados-avanzo-con-perdon-a-provincias-por-deudas-con-anses\/","title":{"rendered":"Diputados avanz\u00f3 con perd\u00f3n a provincias por deudas con ANSES"},"content":{"rendered":"<p style=\"text-align: center;\"><em><strong>La titular del organismo previsional, Fernanda Raverta, blind\u00f3 el proyecto en un plenario de comisiones. Pidi\u00f3 &#8220;celeridad&#8221; a legisladores en medio de alerta por combo de vencimientos de Reparaci\u00f3n Hist\u00f3rica, pasivos de distritos, y agotamiento de recursos generados por el \u00faltimo blanqueo que obligar\u00edan a vender activos del Fondo de Garant\u00eda de Sustentabilidad<\/strong><\/em><\/p>\n<p>&nbsp;<\/p>\n<p>&nbsp;<\/p>\n<p>El Frente de Todos avanz\u00f3 anoche con un proyecto que crea el denominado \u201cR\u00e9gimen de Defensa de los Activos del Fondo de Garant\u00eda de Sustentabilidad (FGS) del Sistema Integrado Previsional Argentino\u201d. La iniciativa, blindada ayer en un plenario de comisiones por la jefa de la ANSES, la camporista Fernanda Raverta, activa un perd\u00f3n a provincias -ya arreglado entre Casa Rosada y casi todos los gobernadores- por deudas con el organismo, pero que adem\u00e1s involucra modificaciones de flujos y asistencias de la Administraci\u00f3n Central y el Tesoro para cumplir con los vencimientos de la Reparaci\u00f3n Hist\u00f3rica, tras el agotamiento de recursos generados por el \u00faltimo blanqueo.<\/p>\n<p>Durante el inicio de la discusi\u00f3n en las comisiones de Presupuesto y Hacienda, y Previsi\u00f3n y Seguridad Social de Diputados, que comandan los legisladores oficialistas Carlos Heller y Marcelo Casaretto, respectivamente, Raverta dej\u00f3 claro que el proyecto \u201cda soluciones a cinco problemas a resolver: el financiamiento del programa de Reparaci\u00f3n Hist\u00f3rica, el pr\u00e9stamo con las provincias, las inversiones productivas del FGS, la regularizaci\u00f3n de los cr\u00e9ditos \u2018Argenta\u2019, y los derechos pol\u00edticos de las acciones de las sociedades en carteras del FGS\u201d. La funcionaria tambi\u00e9n dijo que el objetivo es modificar los flujos de fondos para evitar la venta de activos del FGS para la Reparaci\u00f3n Hist\u00f3rica, ya que el mismo debe involucrar a \u201ctodos los jubilados\u201d.<\/p>\n<p>Las deudas de casi todas las provincias -excepto tres distritos- con la ANSES, seg\u00fan consta en el proyecto, se renegociar\u00e1n con Casa Rosada en los pr\u00f3ximos ocho meses para dar una soluci\u00f3n a mediano y largo plazo. La salida es un bono con una tasa distinta a la que se aplica en la actualidad para el cobro de dichos pasivos. Esta situaci\u00f3n, junto a la de la Reparaci\u00f3n Hist\u00f3rica, genera una presi\u00f3n sobre el Congreso para que se pueda lograr una ley, a m\u00e1s tardar, antes que termine el corriente mes. Heller desliz\u00f3 la posibilidad de llevar el dictamen al recinto la semana pr\u00f3xima, y que el Ejecutivo adem\u00e1s piense en una breve pr\u00f3rroga hasta que se sancione la iniciativa.<\/p>\n<p>Desde Juntos por el Cambio y el lavagnismo se solicitaron varias modificaciones al proyecto, que fueron tratadas muy a las apuradas. De hecho, se tuvo que pasar a un cuarto intermedio -entre las 18.30 y 19.30- para que el kirchnerismo reescribiera junto a la ANSES algunos art\u00edculos conflictivos. Pasadas las 20, el oficialismo dio por cerrado el debate y manifest\u00f3 que casi todas las sugerencias hab\u00edan sido tenidas en cuenta. No obstante, el macrismo y otros legisladores anti K pidieron plazo hasta el mediod\u00eda de hoy para ver si acompa\u00f1an o no el dictamen de mayor\u00eda.<\/p>\n<p>\u201cTuvimos un gran avance en la discusi\u00f3n del proyecto. Sobre todo, porque se logr\u00f3 dar garant\u00eda a nuestros jubilados que cobran la Reparaci\u00f3n Hist\u00f3rica de que contin\u00faen cobrando sin interrupciones su beneficio. Se determin\u00f3 con precisi\u00f3n las compensaciones que el FGS debe realizarle al Tesoro a partir del impuesto que ha tenido el covid sobre la recaudaci\u00f3n de impuestos asignados a la recaudaci\u00f3n social, y tambi\u00e9n hubo un cambio en la determinaci\u00f3n de los pr\u00e9stamos hacia las provincias con algunas modificaciones favorables, como la baja de la tasa de inter\u00e9s que las provincias deban pagar\u201d, expres\u00f3 anoche el diputado radical Alejandro Cacace (San Luis).<\/p>\n<p>&nbsp;<\/p>\n<p><strong>Ricos<\/strong><\/p>\n<p>La demora para firmar el dictamen sobre el FGS dinamit\u00f3 la posibilidad de dar inicio a la discusi\u00f3n del multioperado y demorado impuesto a los \u201cricos\u201d, que pas\u00f3 para las 15 hoy. La tasa m\u00ednima a aplicar es del 2% a patrimonios de las personas f\u00edsicas que al 31 de diciembre pasado hayan alcanzado los $200 millones. Dichos par\u00e1metros cambiar\u00e1n para \u201cfortunas\u201d de entre $300 millones y $400 millones (2,25%); mientras que ser\u00e1 del 2,5% entre $400 millones y $600 millones; y 2,75% entre $600 millones y $800 millones.<\/p>\n<p>El esquema contempla, m\u00e1s arriba, una tasa del 3% cuando los patrimonios oscilen entre $800 millones y 1.500 millones; del 3,25% para fortunas de $1.500 millones de pesos a $3.000 millones; y 3,5% de all\u00ed en adelante. Lo recaudado ir\u00e1 para compra y\/o elaboraci\u00f3n de equipamiento e insumos cr\u00edticos para la emergencia sanitaria, pymes, programas para el desarrollo de los barrios populares, becas Progresar y exploraci\u00f3n y desarrollo de gas natural a trav\u00e9s de Enarsa. Estas definiciones -algunas, pedidas por aliados circunstanciales- refuerzan el proyecto, en el sentido de contar por adelantado con los votos para ser aprobado.<\/p>\n<p>Otra iniciativa que analizar\u00e1 la comisi\u00f3n que preside Heller es una ley que plantea la prohibici\u00f3n de cualquier ayuda econ\u00f3mica desde el Estado a empresas con domicilios en \u201cpara\u00edsos fiscales\u201d o aquellas con \u201cprobada evasi\u00f3n fiscal\u201d.<\/p>\n","protected":false},"excerpt":{"rendered":"<p>La titular del organismo previsional, Fernanda Raverta, blind\u00f3 el proyecto en un plenario de comisiones. Pidi\u00f3 &#8220;celeridad&#8221; a legisladores en medio de alerta por combo de vencimientos de Reparaci\u00f3n Hist\u00f3rica, pasivos de distritos, y agotamiento de recursos generados por el \u00faltimo blanqueo que obligar\u00edan a vender activos del Fondo de Garant\u00eda de Sustentabilidad &nbsp; &nbsp; El Frente de Todos avanz\u00f3 anoche con un proyecto que crea el denominado \u201cR\u00e9gimen de Defensa de los Activos del Fondo de Garant\u00eda de Sustentabilidad (FGS) del Sistema Integrado Previsional Argentino\u201d. La iniciativa, blindada ayer&#8230;<\/p>\n","protected":false},"author":3,"featured_media":67084,"comment_status":"closed","ping_status":"closed","sticky":false,"template":"","format":"standard","meta":[],"categories":[18],"tags":[],"_links":{"self":[{"href":"https:\/\/www.actualidadadiario.com\/index.php\/wp-json\/wp\/v2\/posts\/67083"}],"collection":[{"href":"https:\/\/www.actualidadadiario.com\/index.php\/wp-json\/wp\/v2\/posts"}],"about":[{"href":"https:\/\/www.actualidadadiario.com\/index.php\/wp-json\/wp\/v2\/types\/post"}],"author":[{"embeddable":true,"href":"https:\/\/www.actualidadadiario.com\/index.php\/wp-json\/wp\/v2\/users\/3"}],"replies":[{"embeddable":true,"href":"https:\/\/www.actualidadadiario.com\/index.php\/wp-json\/wp\/v2\/comments?post=67083"}],"version-history":[{"count":1,"href":"https:\/\/www.actualidadadiario.com\/index.php\/wp-json\/wp\/v2\/posts\/67083\/revisions"}],"predecessor-version":[{"id":67085,"href":"https:\/\/www.actualidadadiario.com\/index.php\/wp-json\/wp\/v2\/posts\/67083\/revisions\/67085"}],"wp:featuredmedia":[{"embeddable":true,"href":"https:\/\/www.actualidadadiario.com\/index.php\/wp-json\/wp\/v2\/media\/67084"}],"wp:attachment":[{"href":"https:\/\/www.actualidadadiario.com\/index.php\/wp-json\/wp\/v2\/media?parent=67083"}],"wp:term":[{"taxonomy":"category","embeddable":true,"href":"https:\/\/www.actualidadadiario.com\/index.php\/wp-json\/wp\/v2\/categories?post=67083"},{"taxonomy":"post_tag","embeddable":true,"href":"https:\/\/www.actualidadadiario.com\/index.php\/wp-json\/wp\/v2\/tags?post=67083"}],"curies":[{"name":"wp","href":"https:\/\/api.w.org\/{rel}","templated":true}]}}