{"id":67081,"date":"2020-09-16T12:24:50","date_gmt":"2020-09-16T15:24:50","guid":{"rendered":"https:\/\/www.actualidadadiario.com\/?p=67081"},"modified":"2020-09-28T16:18:08","modified_gmt":"2020-09-28T19:18:08","slug":"morales-descalifico-a-macri-y-llamo-a-ayudar-al-gobierno-nacional","status":"publish","type":"post","link":"https:\/\/www.actualidadadiario.com\/index.php\/2020\/09\/16\/morales-descalifico-a-macri-y-llamo-a-ayudar-al-gobierno-nacional\/","title":{"rendered":"Morales descalific\u00f3 a Macri y llam\u00f3 a &#8220;ayudar al Gobierno nacional&#8221;"},"content":{"rendered":"<p style=\"text-align: center;\"><em><strong>Gerardo Morales afirm\u00f3 que no comparte la opini\u00f3n de Macri y agreg\u00f3 que &#8220;el exmandatario ya cumpli\u00f3 una etapa&#8221; en Juntos por el Cambio y que el espacio hoy est\u00e1 liderado por una &#8220;conducci\u00f3n colegiada&#8221;<\/strong><\/em><\/p>\n<p>&nbsp;<\/p>\n<p>El gobernador de Jujuy, Gerardo Morales, rechaz\u00f3 este martes las recientes expresiones del expresidente Mauricio Macri publicadas en un diario porte\u00f1o, al plantear la necesidad de &#8220;ayudar al Gobierno nacional&#8221;, en el marco de la pandemia de coronavirus, &#8220;profundizando el di\u00e1logo y no las grietas&#8221;.<\/p>\n<p>&#8220;Est\u00e1 en todo su derecho de fijar posiciones, pero no comparto esa visi\u00f3n y he apoyado las medidas que tomamos junto al Gobierno nacional&#8221;, para contener la propagaci\u00f3n de la Covid-19, se diferenci\u00f3 el gobernador juje\u00f1o, en di\u00e1logo con Radio Con Vos.<\/p>\n<p>Agreg\u00f3 que &#8220;el exmandatario ya cumpli\u00f3 una etapa&#8221; en Juntos por el Cambio y que el espacio en la actualidad est\u00e1 liderado por una &#8220;conducci\u00f3n colegiada&#8221;.<\/p>\n<p>Morales se refiri\u00f3 a las expresiones vertidas por Mauricio Macri, el domingo pasado, en una columna de opini\u00f3n publicada en La Naci\u00f3n, en la que acus\u00f3 al Gobierno nacional de &#8220;desplegar&#8221; un &#8220;ataque sistem\u00e1tico y permanente&#8221; a la Constituci\u00f3n y celebr\u00f3 que los &#8220;ciudadanos movilizados y atentos han ganado las calles&#8221;, en plena pandemia.<\/p>\n<p>Sobre ese \u00faltimo punto, el gobernador sostuvo: &#8220;Tampoco incentivemos las protestas callejeras. No puedo oponerme en Jujuy y aplaudirlo en la Ciudad, hoy hay que profundizar el di\u00e1logo y no profundizar grietas&#8221;.<\/p>\n<p>Morales relat\u00f3 que Jujuy ha &#8220;vuelto a la consigna &#8216;quedate en casa'&#8221;, despu\u00e9s del rebrote de Covid-19, que comenz\u00f3 en junio pasado, y explic\u00f3 que est\u00e1n &#8220;trabajando codo a codo con (el ministro de Salud de la Naci\u00f3n, Gin\u00e9s) Gonz\u00e1lez Garc\u00eda.<\/p>\n<p>Por otra parte, se refiri\u00f3 al rol del radicalismo en Juntos por el Cambio y, en ese sentido, expres\u00f3 su deseo de lograr &#8220;un Presidente radical en las pr\u00f3ximas elecciones&#8221; y que &#8220;la UCR no sea furg\u00f3n de cola de una coalici\u00f3n&#8221;.<\/p>\n<p>Morales tambi\u00e9n se refiri\u00f3 a la decisi\u00f3n del Ejecutivo Nacional de redireccionar a la administraci\u00f3n bonaerense un punto de los fondos adicionales de coparticipaci\u00f3n federal que recib\u00eda la Ciudad de Buenos Aires, a partir de un decreto firmado por el entonces presidente, Mauricio Macri, en 2016.<\/p>\n<p>Sobre esa cuesti\u00f3n, el gobernador radical opin\u00f3 que la reasignaci\u00f3n de esos recursos debe ser &#8220;un tema del Congreso&#8221; y no resuelto por decreto.<\/p>\n<p>&#8220;No comparto que sea por decreto&#8221;, dijo y agreg\u00f3 que &#8220;los excedentes que tiene la Ciudad tienen que ir a un fondo de desarrollo que distribuya entre todas las provincias&#8221;.<\/p>\n<p>El gobernados sostuvo que el jefe de Gobierno porte\u00f1o, Horacio Rodr\u00edguez Larreta, &#8220;es un buen administrador&#8221;, por lo que consider\u00f3 &#8220;justo &#8221; que la Ciudad de Buenos Aires &#8220;tenga el 1.4% (de coparticipaci\u00f3n) que tuvo hist\u00f3ricamente, m\u00e1s el costo de servicios de Seguridad transferidos por Naci\u00f3n&#8221;, pero &#8220;ni un peso m\u00e1s&#8221;.<\/p>\n","protected":false},"excerpt":{"rendered":"<p>Gerardo Morales afirm\u00f3 que no comparte la opini\u00f3n de Macri y agreg\u00f3 que &#8220;el exmandatario ya cumpli\u00f3 una etapa&#8221; en Juntos por el Cambio y que el espacio hoy est\u00e1 liderado por una &#8220;conducci\u00f3n colegiada&#8221; &nbsp; El gobernador de Jujuy, Gerardo Morales, rechaz\u00f3 este martes las recientes expresiones del expresidente Mauricio Macri publicadas en un diario porte\u00f1o, al plantear la necesidad de &#8220;ayudar al Gobierno nacional&#8221;, en el marco de la pandemia de coronavirus, &#8220;profundizando el di\u00e1logo y no las grietas&#8221;. &#8220;Est\u00e1 en todo su derecho de fijar posiciones, pero&#8230;<\/p>\n","protected":false},"author":3,"featured_media":65373,"comment_status":"closed","ping_status":"closed","sticky":false,"template":"","format":"standard","meta":[],"categories":[18],"tags":[],"_links":{"self":[{"href":"https:\/\/www.actualidadadiario.com\/index.php\/wp-json\/wp\/v2\/posts\/67081"}],"collection":[{"href":"https:\/\/www.actualidadadiario.com\/index.php\/wp-json\/wp\/v2\/posts"}],"about":[{"href":"https:\/\/www.actualidadadiario.com\/index.php\/wp-json\/wp\/v2\/types\/post"}],"author":[{"embeddable":true,"href":"https:\/\/www.actualidadadiario.com\/index.php\/wp-json\/wp\/v2\/users\/3"}],"replies":[{"embeddable":true,"href":"https:\/\/www.actualidadadiario.com\/index.php\/wp-json\/wp\/v2\/comments?post=67081"}],"version-history":[{"count":1,"href":"https:\/\/www.actualidadadiario.com\/index.php\/wp-json\/wp\/v2\/posts\/67081\/revisions"}],"predecessor-version":[{"id":67082,"href":"https:\/\/www.actualidadadiario.com\/index.php\/wp-json\/wp\/v2\/posts\/67081\/revisions\/67082"}],"wp:featuredmedia":[{"embeddable":true,"href":"https:\/\/www.actualidadadiario.com\/index.php\/wp-json\/wp\/v2\/media\/65373"}],"wp:attachment":[{"href":"https:\/\/www.actualidadadiario.com\/index.php\/wp-json\/wp\/v2\/media?parent=67081"}],"wp:term":[{"taxonomy":"category","embeddable":true,"href":"https:\/\/www.actualidadadiario.com\/index.php\/wp-json\/wp\/v2\/categories?post=67081"},{"taxonomy":"post_tag","embeddable":true,"href":"https:\/\/www.actualidadadiario.com\/index.php\/wp-json\/wp\/v2\/tags?post=67081"}],"curies":[{"name":"wp","href":"https:\/\/api.w.org\/{rel}","templated":true}]}}