{"id":67075,"date":"2020-09-16T12:23:08","date_gmt":"2020-09-16T15:23:08","guid":{"rendered":"https:\/\/www.actualidadadiario.com\/?p=67075"},"modified":"2020-09-28T16:18:09","modified_gmt":"2020-09-28T19:18:09","slug":"alberto-anuncio-que-estudia-la-creacion-de-un-fondo-de-asistencia-a-las-provincias-para-2021","status":"publish","type":"post","link":"https:\/\/www.actualidadadiario.com\/index.php\/2020\/09\/16\/alberto-anuncio-que-estudia-la-creacion-de-un-fondo-de-asistencia-a-las-provincias-para-2021\/","title":{"rendered":"Alberto anunci\u00f3 que estudia la creaci\u00f3n de un fondo de asistencia a las provincias para 2021"},"content":{"rendered":"<p style=\"text-align: center;\"><em><strong>Durante su visita a San Juan, donde firm\u00f3 convenios de cooperaci\u00f3n, el Presidente llam\u00f3 a pensar la coparticipaci\u00f3n de otra manera, consider\u00f3 que la Argentina necesita revisar su sistema de desarrollo para terminar con las inequidades y, en una obvia cr\u00edtica al gobierno anterior, cuestion\u00f3 la meritocracia<\/strong><\/em><\/p>\n<p>&nbsp;<\/p>\n<p>&nbsp;<\/p>\n<p>El presidente Alberto Fern\u00e1ndez arrib\u00f3 a San Juan por primera vez desde su asunci\u00f3n, donde acompa\u00f1ado por el gobernador Sergio U\u00f1ac, recorri\u00f3 obras de infraestructura y una empresa textil, encabez\u00f3 la firma de una serie de convenios para la provincia, y anunci\u00f3 que estudia la creaci\u00f3n de un fondo de asistencia a las provincias para 2021.<\/p>\n<p>En la ocasi\u00f3n, el mandatario llam\u00f3 tambi\u00e9n &#8220;a pensar la coparticipaci\u00f3n de otra manera&#8221;, afirm\u00f3 que &#8220;Argentina necesita revisar su sistema de desarrollo&#8221; para terminar con las inequidades, y en una obvia cr\u00edtica al gobierno de su antecesor, Mauricio Macri, advirti\u00f3 que &#8220;no es verdad que el m\u00e9rito nos permita crecer, como nos han hecho creer&#8221;.<\/p>\n<p>Durante el acto que tuvo lugar en el auditorio del Centro C\u00edvico de la capital sanjuanina, Fern\u00e1ndez consider\u00f3 que &#8220;la Argentina necesita revisar su sistema de desarrollo porque de otro modo seguiremos generando las inequidades que hemos visto en todos estos a\u00f1os&#8221;, y agreg\u00f3 que el pa\u00eds &#8220;no tiene zonas perif\u00e9ricas y centrales, la Argentina es una y en cada rinc\u00f3n del pa\u00eds hay argentinos que deben poder desarrollarse&#8221;.<\/p>\n<p>Se\u00f1al\u00f3 adem\u00e1s que &#8220;no es verdad que sea el m\u00e9rito lo que permite crecer, como nos han hecho creer en los \u00faltimos a\u00f1os&#8221;, y abog\u00f3 por que &#8220;cada persona pueda vivir feliz en la provincia en la que ha nacido y morirse feliz despu\u00e9s de haber vivido deber\u00eda ser un objetivo de cada uno de nosotros porque el d\u00eda que eso pase lo que habremos descubierto es que cada argentino tuvo oportunidades&#8221;.<\/p>\n<p>En otro tramo, el Jefe de Estado dijo que han tomado &#8220;una decisi\u00f3n d\u00edas atr\u00e1s respecto de lo que recib\u00eda la ciudad de Buenos Aires y estamos trabajando con el ministro del Interior para buscar un mecanismo para que el a\u00f1o entrante tengamos un fondo que ayude a mejorar los recursos financieros de las provincias, ya sea por v\u00eda de coparticipaci\u00f3n o por otra v\u00eda&#8221;&#8221;.<\/p>\n<p>El mandatario, quien estuvo acompa\u00f1ado por los ministros Eduardo &#8220;Wado&#8221; de Pedro (Interior); Mat\u00edas Kulfas (Desarrollo Productivo); Gabriel Katopodis (Obras P\u00fablicas), entre otros, consider\u00f3 que es necesario &#8220;ver c\u00f3mo va a funcionar la coparticipaci\u00f3n para adelante porque que el Estado nacional resigne un punto o dos no resuelve el problema para muchas provincias&#8221;.<\/p>\n","protected":false},"excerpt":{"rendered":"<p>Durante su visita a San Juan, donde firm\u00f3 convenios de cooperaci\u00f3n, el Presidente llam\u00f3 a pensar la coparticipaci\u00f3n de otra manera, consider\u00f3 que la Argentina necesita revisar su sistema de desarrollo para terminar con las inequidades y, en una obvia cr\u00edtica al gobierno anterior, cuestion\u00f3 la meritocracia &nbsp; &nbsp; El presidente Alberto Fern\u00e1ndez arrib\u00f3 a San Juan por primera vez desde su asunci\u00f3n, donde acompa\u00f1ado por el gobernador Sergio U\u00f1ac, recorri\u00f3 obras de infraestructura y una empresa textil, encabez\u00f3 la firma de una serie de convenios para la provincia, y&#8230;<\/p>\n","protected":false},"author":3,"featured_media":67076,"comment_status":"closed","ping_status":"closed","sticky":false,"template":"","format":"standard","meta":[],"categories":[9],"tags":[],"_links":{"self":[{"href":"https:\/\/www.actualidadadiario.com\/index.php\/wp-json\/wp\/v2\/posts\/67075"}],"collection":[{"href":"https:\/\/www.actualidadadiario.com\/index.php\/wp-json\/wp\/v2\/posts"}],"about":[{"href":"https:\/\/www.actualidadadiario.com\/index.php\/wp-json\/wp\/v2\/types\/post"}],"author":[{"embeddable":true,"href":"https:\/\/www.actualidadadiario.com\/index.php\/wp-json\/wp\/v2\/users\/3"}],"replies":[{"embeddable":true,"href":"https:\/\/www.actualidadadiario.com\/index.php\/wp-json\/wp\/v2\/comments?post=67075"}],"version-history":[{"count":1,"href":"https:\/\/www.actualidadadiario.com\/index.php\/wp-json\/wp\/v2\/posts\/67075\/revisions"}],"predecessor-version":[{"id":67077,"href":"https:\/\/www.actualidadadiario.com\/index.php\/wp-json\/wp\/v2\/posts\/67075\/revisions\/67077"}],"wp:featuredmedia":[{"embeddable":true,"href":"https:\/\/www.actualidadadiario.com\/index.php\/wp-json\/wp\/v2\/media\/67076"}],"wp:attachment":[{"href":"https:\/\/www.actualidadadiario.com\/index.php\/wp-json\/wp\/v2\/media?parent=67075"}],"wp:term":[{"taxonomy":"category","embeddable":true,"href":"https:\/\/www.actualidadadiario.com\/index.php\/wp-json\/wp\/v2\/categories?post=67075"},{"taxonomy":"post_tag","embeddable":true,"href":"https:\/\/www.actualidadadiario.com\/index.php\/wp-json\/wp\/v2\/tags?post=67075"}],"curies":[{"name":"wp","href":"https:\/\/api.w.org\/{rel}","templated":true}]}}