{"id":67072,"date":"2020-09-16T12:22:20","date_gmt":"2020-09-16T15:22:20","guid":{"rendered":"https:\/\/www.actualidadadiario.com\/?p=67072"},"modified":"2020-09-28T16:18:09","modified_gmt":"2020-09-28T19:18:09","slug":"presupuesto-2021-el-primero-con-perspectiva-de-genero","status":"publish","type":"post","link":"https:\/\/www.actualidadadiario.com\/index.php\/2020\/09\/16\/presupuesto-2021-el-primero-con-perspectiva-de-genero\/","title":{"rendered":"Presupuesto 2021, el primero con perspectiva de g\u00e9nero"},"content":{"rendered":"<p style=\"text-align: center;\"><em><strong>Anunciado en marzo, el Gobierno envi\u00f3 al Congreso un proyecto que pone \u00e9nfasis en la disminuci\u00f3n de la desigualdad entre mujeres y varones<\/strong><\/em><\/p>\n<p>&nbsp;<\/p>\n<p>&nbsp;<\/p>\n<p>\u201cNinguna pol\u00edtica p\u00fablica es neutral en t\u00e9rminos de g\u00e9nero. Toda pol\u00edtica p\u00fablica genera un impacto diferencial sobre varones y mujeres, por lo que es indispensable transversalizar la perspectiva de g\u00e9nero a todo el accionar del Estado\u201d, expresa un documento elaborado por la organizaci\u00f3n feminista ELA (Equipo Latinoamericano de Justicia y G\u00e9nero) en &#8220;Presupuesto y G\u00e9nero. Una mirada feminista del proyecto de presupuesto 2020&#8221;, publicado en noviembre de 2019. Hoy, ese planteo cobra otra dimensi\u00f3n: el Ministerio de Econom\u00eda present\u00f3 por primera vez en la historia un proyecto de Presupuesto 2021 con perspectiva de g\u00e9nero (PPG). Eso implica un an\u00e1lisis de c\u00f3mo recauda y c\u00f3mo gasta el Estado para medir el impacto de las pol\u00edticas p\u00fablicas en la reducci\u00f3n de las brechas entre mujeres y varones.<\/p>\n<p>Aunque en 2018 el Ministerio de Hacienda comenz\u00f3 a identificar las partidas presupuestarias con incidencia positiva con la etiqueta PPG, los presupuestos de los \u00faltimos dos a\u00f1os, a diferencia de \u00e9ste, no hab\u00edan sido pensados con una mirada sensible a la desigualdad.<\/p>\n<p>La Direcci\u00f3n de Econom\u00eda, Igualdad y G\u00e9nero del Ministerio de Econom\u00eda, a cargo de Mercedes D\u2019Alessandro, coordin\u00f3 con la Oficina Nacional de Presupuesto para hacer el seguimiento de los programas mediante la metodolog\u00eda del etiquetado, que identifica las pol\u00edticas que permiten que las mujeres accedan a derechos o se cierren brechas de g\u00e9nero. \u201cHace a\u00f1os que venimos impulsando esta herramienta fundamental para poder hacer un seguimiento de las pol\u00edticas p\u00fablicas que cierran brechas de g\u00e9nero, pero, tambi\u00e9n, para dar debates reales y concretos\u201d, sintetiza D\u2019Alessandro y completa: \u201cEn el presupuesto, se ven las prioridades del Gobierno y hoy podemos encontrar cu\u00e1les son los instrumentos con los que contamos para tener una sociedad m\u00e1s inclusiva\u201d.<\/p>\n<p>\u201cEl presupuesto es una herramienta de pol\u00edtica p\u00fablica central mediante la cual el gobierno establece sus prioridades y, como consecuencia, se garantizan derechos\u201d, sostiene el documento elaborado por la Direcci\u00f3n de D\u2019Alessandro, que hizo, adem\u00e1s, trabajo de incidencia contactando a \u00e1reas de g\u00e9nero en distintos ministerios para relevar su trabajo y participar en la redacci\u00f3n del mensaje que acompa\u00f1a al proyecto de ley.<\/p>\n<p>&nbsp;<\/p>\n<p><strong>Las brechas, los n\u00fameros<\/strong><\/p>\n<p>Las desigualdades de g\u00e9nero, hoy profundizadas por la pandemia, se reflejan en t\u00e9rminos de tiempos y de cuidados (las mujeres realizan el 75,7% de las tareas dom\u00e9sticas y de cuidados no remuneradas, el 88,9% participa de estas tareas y le dedica en promedio 6,4 horas diarias y s\u00f3lo el 57,9% de los varones participa en estos trabajos, a los que les dedica un promedio de 3,4 horas diarias); en t\u00e9rminos laborales (las mujeres y personas travestis y trans enfrentan el mercado de trabajo en condiciones marcadamente desiguales respecto a sus pares varones) y, tambi\u00e9n, de ingresos (las mujeres reciben menos ingresos que sus pares varones en todos los niveles y condiciones ocupacionales) y requieren de pol\u00edticas p\u00fablicas destinadas a disminuir esa desigualdad.<\/p>\n<p>La aprobaci\u00f3n de determinados programas, la definici\u00f3n de c\u00f3mo se distribuyen los recursos y las fuentes de financiamiento (impuestos, subsidios, exenciones impositivas, entre otras) son decisiones que tienen efectos de g\u00e9nero. En ese mapeo que supone un PPG, entran, entonces, desde las partidas destinadas a urbanizaci\u00f3n y vivienda (la construcci\u00f3n de espacios de cuidados, lactarios y jardines maternales), empleo (por ejemplo, el cupo laboral travesti trans), transferencias de ingresos (AUH, en donde el 94% son mujeres), violencias (recursos destinados a prevenir y erradicar las violencias por razones de g\u00e9nero, como el refuerzo de la l\u00ednea 144) y educaci\u00f3n (asignaciones para educaci\u00f3n sexual integral).<\/p>\n<p>El primer pa\u00eds en ponerle perspectiva de g\u00e9nero a un presupuesto nacional fue Australia en 1984. Once a\u00f1os despu\u00e9s, en 1995, en la Cuarta Conferencia de Beijing, donde 189 estados incluidos la Argentina firmaron la Declaraci\u00f3n y Plataforma de Acci\u00f3n -el principal documento de pol\u00edtica mundial sobre igualdad de g\u00e9nero-, se impuls\u00f3 el enfoque de g\u00e9nero en los presupuestos p\u00fablicos. En estos d\u00edas se cumplen 25 a\u00f1os de aquel momento hist\u00f3rico en el que adem\u00e1s de reconocer por primera vez los derechos de las mujeres y las ni\u00f1as como derechos humanos, los gobiernos se comprometieron a garantizar que todas sus pol\u00edticas y programas reflejen una perspectiva de g\u00e9nero.<\/p>\n<p>Desde entonces, los pa\u00edses que m\u00e1s avanzaron en este sentido son Bolivia, Canad\u00e1, Ecuador, India, M\u00e9xico, Suecia, Italia, Marruecos y Sud\u00e1frica, que han realizado grandes avances en este sentido. En la Argentina, hasta estos d\u00edas, \u00fanicamente la Ciudad de Buenos Aires tiene una legislaci\u00f3n de presupuesto con perspectiva de g\u00e9nero.<\/p>\n<p>El PPG ya hab\u00eda sido anunciado en presencia del ministro Mart\u00edn Guzm\u00e1n cuando se present\u00f3 en sociedad la Direcci\u00f3n de Igualdad, G\u00e9nero y Diversidad, el 9 de marzo de este a\u00f1o, pocos d\u00edas antes de que el covid fuera declarado pandemia. \u201cSe est\u00e1 trabajando para poner en marcha un Presupuesto con perspectiva de g\u00e9nero que pueda recopilar los esfuerzos del Gobierno para que las pol\u00edticas cierren la brecha de desigualdad\u201d, anticip\u00f3 la economista feminista en ese momento. Ahora falta el recorrido por el Congreso para que esa iniciativa se haga realidad.<\/p>\n","protected":false},"excerpt":{"rendered":"<p>Anunciado en marzo, el Gobierno envi\u00f3 al Congreso un proyecto que pone \u00e9nfasis en la disminuci\u00f3n de la desigualdad entre mujeres y varones &nbsp; &nbsp; \u201cNinguna pol\u00edtica p\u00fablica es neutral en t\u00e9rminos de g\u00e9nero. Toda pol\u00edtica p\u00fablica genera un impacto diferencial sobre varones y mujeres, por lo que es indispensable transversalizar la perspectiva de g\u00e9nero a todo el accionar del Estado\u201d, expresa un documento elaborado por la organizaci\u00f3n feminista ELA (Equipo Latinoamericano de Justicia y G\u00e9nero) en &#8220;Presupuesto y G\u00e9nero. Una mirada feminista del proyecto de presupuesto 2020&#8221;, publicado en&#8230;<\/p>\n","protected":false},"author":3,"featured_media":67073,"comment_status":"closed","ping_status":"closed","sticky":false,"template":"","format":"standard","meta":[],"categories":[9],"tags":[],"_links":{"self":[{"href":"https:\/\/www.actualidadadiario.com\/index.php\/wp-json\/wp\/v2\/posts\/67072"}],"collection":[{"href":"https:\/\/www.actualidadadiario.com\/index.php\/wp-json\/wp\/v2\/posts"}],"about":[{"href":"https:\/\/www.actualidadadiario.com\/index.php\/wp-json\/wp\/v2\/types\/post"}],"author":[{"embeddable":true,"href":"https:\/\/www.actualidadadiario.com\/index.php\/wp-json\/wp\/v2\/users\/3"}],"replies":[{"embeddable":true,"href":"https:\/\/www.actualidadadiario.com\/index.php\/wp-json\/wp\/v2\/comments?post=67072"}],"version-history":[{"count":1,"href":"https:\/\/www.actualidadadiario.com\/index.php\/wp-json\/wp\/v2\/posts\/67072\/revisions"}],"predecessor-version":[{"id":67074,"href":"https:\/\/www.actualidadadiario.com\/index.php\/wp-json\/wp\/v2\/posts\/67072\/revisions\/67074"}],"wp:featuredmedia":[{"embeddable":true,"href":"https:\/\/www.actualidadadiario.com\/index.php\/wp-json\/wp\/v2\/media\/67073"}],"wp:attachment":[{"href":"https:\/\/www.actualidadadiario.com\/index.php\/wp-json\/wp\/v2\/media?parent=67072"}],"wp:term":[{"taxonomy":"category","embeddable":true,"href":"https:\/\/www.actualidadadiario.com\/index.php\/wp-json\/wp\/v2\/categories?post=67072"},{"taxonomy":"post_tag","embeddable":true,"href":"https:\/\/www.actualidadadiario.com\/index.php\/wp-json\/wp\/v2\/tags?post=67072"}],"curies":[{"name":"wp","href":"https:\/\/api.w.org\/{rel}","templated":true}]}}