{"id":67059,"date":"2020-09-16T12:18:04","date_gmt":"2020-09-16T15:18:04","guid":{"rendered":"https:\/\/www.actualidadadiario.com\/?p=67059"},"modified":"2020-09-28T16:18:19","modified_gmt":"2020-09-28T19:18:19","slug":"salta-sin-fiesta-del-milagro-por-primera-vez-en-300-anos","status":"publish","type":"post","link":"https:\/\/www.actualidadadiario.com\/index.php\/2020\/09\/16\/salta-sin-fiesta-del-milagro-por-primera-vez-en-300-anos\/","title":{"rendered":"Salta, sin Fiesta del Milagro por primera vez en 300 a\u00f1os"},"content":{"rendered":"<p style=\"text-align: center;\"><em><strong>Por el coronavirus, la tradicional procesi\u00f3n que suele convocar a unas 850 mil personas no se pudo realizar<\/strong><\/em><\/p>\n<p>&nbsp;<\/p>\n<p>&nbsp;<\/p>\n<p>La Fiesta en honor al Se\u00f1or y la Virgen del Milagro, que cada a\u00f1o cierra el 15 de septiembre con la tradicional y convocante procesi\u00f3n, considerada una de las manifestaciones religiosas m\u00e1s importante del pa\u00eds que el a\u00f1o pasado tuvo a alrededor de 850 mil personas, concluy\u00f3, con una celebraci\u00f3n sin fieles y transmitida por internet, con el objetivo de evitar aglomeraciones y el aumento de contagios de coronavirus en Salta. Es la primera vez en 300 a\u00f1os que no se realiza la tradicional procesi\u00f3n.<\/p>\n<p>El arzobispo de Salta, monse\u00f1or Mario Cargnello, celebr\u00f3 ayer la Exaltaci\u00f3n de la Santa Cruz en el marco del Triduo de Pontificales, que se realiza durante las tres \u00faltimas jornadas de la Fiesta del Milagro, y en su homil\u00eda record\u00f3 la Enc\u00edclica sobre el \u201cLlamado a la Santidad\u201d, que el Papa Francisco firm\u00f3 en marzo del a\u00f1o pasado. Tradicionalmente, todos los festejos eran presenciados por centenares de fieles, que colmaban la plaza 9 de Julio y la Catedral Bas\u00edlica durante los nueve d\u00edas.<\/p>\n<p>En este marco, llam\u00f3 a \u201cencontrar la fuerza para saber atravesar un tiempo dif\u00edcil\u201d en \u201cla conciencia que Dios me ama y me sostiene\u201d, y a reconocer \u201cnuestras inclinaciones agresivas y egoc\u00e9ntricas\u201d, sin permitir que \u201cse arraiguen en el coraz\u00f3n\u201d.<\/p>\n<p>Para eso pidi\u00f3 no prestarse \u201ca las cadenas de violencia verbal, agresivas, difamatorias que a veces se alimentan en las redes sociales, adem\u00e1s de los c\u00edrculos de nuestra relaci\u00f3n donde nos juntamos para la murmuraci\u00f3n y la cr\u00edtica\u201d.<\/p>\n<p>Luego, explic\u00f3 que lo segundo que plantea el Papa Francisco en la Enc\u00edclica es la \u201calegr\u00eda y sentido del humor\u201d, al entender que \u201cel santo es capaz de vivir con alegr\u00eda y sentido del humor. Sin perder el realismo, ilumina a los dem\u00e1s con un esp\u00edritu esperanzado\u201d.<\/p>\n<p>En tercer lugar, Cargnello se refiri\u00f3 a la audacia y el fervor citados en el documento del Papa, y explic\u00f3 que \u201cla audacia se alimenta de alegr\u00eda y nos da fervor, y pidi\u00f3 no dejarse &#8220;vencer por el miedo\u201d. Finalmente, coment\u00f3 que la Enc\u00edclica hace referencia a que \u201ctodo se vive en comunidad\u201d y expresa la importancia de la oraci\u00f3n.<\/p>\n<p>\u201cLuchemos en este tiempo por ser cristianos que testimonian al Se\u00f1or sin miedo, conscientes que el mejor servicio que podemos dar en el tejido de la sociedad donde trabajamos esa agua refrescante del aguante, la paciencia y la mansedumbre, ese color de la alegr\u00eda y sentido del humor, la fuerza de la audacia y el fervor, el abrazo de la comunidad y la mirada tendida al infinito que nos da la oraci\u00f3n, y que todo eso nazca del encuentro con Cristo en la Cruz\u201d, concluy\u00f3 Cargnello.<\/p>\n<p>El arzobispo cerr\u00f3 de este modo la segunda jornada del Triduo de Pontificales, que ayer celebr\u00f3 el D\u00eda de la Solemnidad de la Virgen del Milagro, mientras que, para ma\u00f1ana, a las 10, est\u00e1 programada la celebraci\u00f3n de la Solemnidad del Se\u00f1or del Milagro.<\/p>\n<p>Adem\u00e1s, hoy termin\u00f3 el Rezo de la Novena del Milagro, en un a\u00f1o especial, ya que la actividad, que sol\u00eda colmar la plaza 9 de Julio y la Catedral Bas\u00edlica durante los nueve d\u00edas, se desarroll\u00f3 con las puertas cerradas del templo mayor de Salta.<\/p>\n<p>Esto por disposici\u00f3n del Comit\u00e9 Operativo de Emergencia (COE) provincial, con el objetivo de mitigar los contagios de coronavirus, que en las \u00faltimas semanas escalaron de manera vertiginosa y pusieron al sistema de salud local en estado de alerta m\u00e1xima.<\/p>\n<p>Para ma\u00f1ana, a las 17, est\u00e1 programada la Renovaci\u00f3n del Pacto de Fidelidad, y una hist\u00f3rica procesi\u00f3n virtual, que ser\u00e1 transmitida por las redes sociales, sin sacar las im\u00e1genes sagradas fuera de la Catedral Bas\u00edlica de Salta.<\/p>\n<p>La semana pasada, Cargnello hab\u00eda decidido realizar una procesi\u00f3n corta, alrededor de la plaza 9 de Julio, sin fieles y s\u00f3lo con autoridades civiles y eclesi\u00e1sticas, para \u201crespetar el mandato hist\u00f3rico\u201d de la Fiesta del Milagro.<\/p>\n<p>No obstante, el arzobispo debi\u00f3 dar marcha atr\u00e1s con la medida tras recibir el rechazo de la invitaci\u00f3n a participar del gobernador Gustavo S\u00e1enz, y de la intendenta de Salta, Bettina Romero, entre otras autoridades.<\/p>\n<p>Los funcionarios priorizaron la necesidad de promover entre la comunidad la importancia de seguir la Fiesta del Milagro desde las casas, sin acercarse a la Catedral, para evitar las aglomeraciones.<\/p>\n","protected":false},"excerpt":{"rendered":"<p>Por el coronavirus, la tradicional procesi\u00f3n que suele convocar a unas 850 mil personas no se pudo realizar &nbsp; &nbsp; La Fiesta en honor al Se\u00f1or y la Virgen del Milagro, que cada a\u00f1o cierra el 15 de septiembre con la tradicional y convocante procesi\u00f3n, considerada una de las manifestaciones religiosas m\u00e1s importante del pa\u00eds que el a\u00f1o pasado tuvo a alrededor de 850 mil personas, concluy\u00f3, con una celebraci\u00f3n sin fieles y transmitida por internet, con el objetivo de evitar aglomeraciones y el aumento de contagios de coronavirus en&#8230;<\/p>\n","protected":false},"author":3,"featured_media":67060,"comment_status":"closed","ping_status":"closed","sticky":false,"template":"","format":"standard","meta":[],"categories":[2],"tags":[],"_links":{"self":[{"href":"https:\/\/www.actualidadadiario.com\/index.php\/wp-json\/wp\/v2\/posts\/67059"}],"collection":[{"href":"https:\/\/www.actualidadadiario.com\/index.php\/wp-json\/wp\/v2\/posts"}],"about":[{"href":"https:\/\/www.actualidadadiario.com\/index.php\/wp-json\/wp\/v2\/types\/post"}],"author":[{"embeddable":true,"href":"https:\/\/www.actualidadadiario.com\/index.php\/wp-json\/wp\/v2\/users\/3"}],"replies":[{"embeddable":true,"href":"https:\/\/www.actualidadadiario.com\/index.php\/wp-json\/wp\/v2\/comments?post=67059"}],"version-history":[{"count":1,"href":"https:\/\/www.actualidadadiario.com\/index.php\/wp-json\/wp\/v2\/posts\/67059\/revisions"}],"predecessor-version":[{"id":67061,"href":"https:\/\/www.actualidadadiario.com\/index.php\/wp-json\/wp\/v2\/posts\/67059\/revisions\/67061"}],"wp:featuredmedia":[{"embeddable":true,"href":"https:\/\/www.actualidadadiario.com\/index.php\/wp-json\/wp\/v2\/media\/67060"}],"wp:attachment":[{"href":"https:\/\/www.actualidadadiario.com\/index.php\/wp-json\/wp\/v2\/media?parent=67059"}],"wp:term":[{"taxonomy":"category","embeddable":true,"href":"https:\/\/www.actualidadadiario.com\/index.php\/wp-json\/wp\/v2\/categories?post=67059"},{"taxonomy":"post_tag","embeddable":true,"href":"https:\/\/www.actualidadadiario.com\/index.php\/wp-json\/wp\/v2\/tags?post=67059"}],"curies":[{"name":"wp","href":"https:\/\/api.w.org\/{rel}","templated":true}]}}