{"id":67053,"date":"2020-09-16T12:16:31","date_gmt":"2020-09-16T15:16:31","guid":{"rendered":"https:\/\/www.actualidadadiario.com\/?p=67053"},"modified":"2020-09-28T16:18:20","modified_gmt":"2020-09-28T19:18:20","slug":"extienden-por-90-dias-mas-el-bono-de-5-mil-pesos-a-trabajadores-de-salud","status":"publish","type":"post","link":"https:\/\/www.actualidadadiario.com\/index.php\/2020\/09\/16\/extienden-por-90-dias-mas-el-bono-de-5-mil-pesos-a-trabajadores-de-salud\/","title":{"rendered":"Extienden por 90 d\u00edas m\u00e1s el bono de 5 mil pesos a trabajadores de salud"},"content":{"rendered":"<p style=\"text-align: center;\"><em><strong>Ampliar\u00e1n adem\u00e1s el alcance para quienes se desempe\u00f1an en geri\u00e1tricos, ambulancias y an\u00e1lisis cl\u00ednicos y llega a casi 700 mil personas<\/strong><\/em><\/p>\n<p>&nbsp;<\/p>\n<p>&nbsp;<\/p>\n<p>El ministro de Salud, Gin\u00e9s Gonz\u00e1lez Garc\u00eda, anunci\u00f3 la extensi\u00f3n del bono de 5 mil pesos por 90 d\u00edas para los trabajadores de la salud, que alcanzar\u00e1 a 700 mil personas, y que comenzar\u00e1 a incluir a trabajadores de geri\u00e1tricos, de servicios de traslados de ambulancia y de an\u00e1lisis cl\u00ednicos.<\/p>\n<p>&#8220;Es un est\u00edmulo necesario para el enorme esfuerzo que est\u00e1n haciendo&#8221;, dijo el ministro en una conferencia de prensa en Casa de Gobierno, junto a su par de Trabajo, Claudio Morini, y el secretario general de la CGT, H\u00e9ctor Daer.<\/p>\n<p>El beneficio incluye al personal de internaci\u00f3n (p\u00fablico y privado), geri\u00e1tricos, de an\u00e1lisis cl\u00ednicos, emergencias y traslados y suma a los trabajadores de atenci\u00f3n primaria del sistema p\u00fablico y tiene una inversi\u00f3n estimada de 13.516.600.000 pesos, seg\u00fan inform\u00f3 el gobierno nacional.<\/p>\n<p>El funcionario explic\u00f3 que cuando arranc\u00f3 el bono alcanzaba a 430 mil personas y ahora esperan llegar a casi 700 mil trabajadores con la nueva ampliaci\u00f3n. \u201cNada compensa ni el esfuerzo ni los riesgos, pero es una forma de continuar con algo que empez\u00f3 el gobierno del primer d\u00eda\u201d, detall\u00f3.<\/p>\n<p>Moroni, por su parte, destac\u00f3 que el sector de la salud es el m\u00e1s afectado por los contagios pero se\u00f1alo que \u201clos protocolos se cumplen y en comparaci\u00f3n con otros pa\u00edses la afectaci\u00f3n es menor\u201d.<\/p>\n<p>\u201cEsperamos mantener esta asistencia el tiempo que sea necesario porque seguimos en la pandemia y el sector salud es fundamental y los trabajadores son fundamentales\u201d, agreg\u00f3.<\/p>\n<p>Daer, tambi\u00e9n secretario general de la Federaci\u00f3n de Asociaciones de Trabajadores de la Sanidad de Argentina (FATSA), destac\u00f3 el rol del sector en la pandemia.<\/p>\n<p>\u201cHemos sostenido y hemos hecho sustentable nuestro sistema de salud en todos los \u00e1mbitos y sostener este incentivo es una muestra del reconocimiento del Estado nacional para acompa\u00f1ar a los trabajadores\u201d, consider\u00f3.<\/p>\n<p>Record\u00f3 tambi\u00e9n que el 21 de septiembre es el d\u00eda del trabajador de sanidad y pidi\u00f3 \u201cque la sociedad exprese un acompa\u00f1amiento\u201d.<\/p>\n","protected":false},"excerpt":{"rendered":"<p>Ampliar\u00e1n adem\u00e1s el alcance para quienes se desempe\u00f1an en geri\u00e1tricos, ambulancias y an\u00e1lisis cl\u00ednicos y llega a casi 700 mil personas &nbsp; &nbsp; El ministro de Salud, Gin\u00e9s Gonz\u00e1lez Garc\u00eda, anunci\u00f3 la extensi\u00f3n del bono de 5 mil pesos por 90 d\u00edas para los trabajadores de la salud, que alcanzar\u00e1 a 700 mil personas, y que comenzar\u00e1 a incluir a trabajadores de geri\u00e1tricos, de servicios de traslados de ambulancia y de an\u00e1lisis cl\u00ednicos. &#8220;Es un est\u00edmulo necesario para el enorme esfuerzo que est\u00e1n haciendo&#8221;, dijo el ministro en una conferencia&#8230;<\/p>\n","protected":false},"author":3,"featured_media":67054,"comment_status":"closed","ping_status":"closed","sticky":false,"template":"","format":"standard","meta":[],"categories":[9],"tags":[],"_links":{"self":[{"href":"https:\/\/www.actualidadadiario.com\/index.php\/wp-json\/wp\/v2\/posts\/67053"}],"collection":[{"href":"https:\/\/www.actualidadadiario.com\/index.php\/wp-json\/wp\/v2\/posts"}],"about":[{"href":"https:\/\/www.actualidadadiario.com\/index.php\/wp-json\/wp\/v2\/types\/post"}],"author":[{"embeddable":true,"href":"https:\/\/www.actualidadadiario.com\/index.php\/wp-json\/wp\/v2\/users\/3"}],"replies":[{"embeddable":true,"href":"https:\/\/www.actualidadadiario.com\/index.php\/wp-json\/wp\/v2\/comments?post=67053"}],"version-history":[{"count":1,"href":"https:\/\/www.actualidadadiario.com\/index.php\/wp-json\/wp\/v2\/posts\/67053\/revisions"}],"predecessor-version":[{"id":67055,"href":"https:\/\/www.actualidadadiario.com\/index.php\/wp-json\/wp\/v2\/posts\/67053\/revisions\/67055"}],"wp:featuredmedia":[{"embeddable":true,"href":"https:\/\/www.actualidadadiario.com\/index.php\/wp-json\/wp\/v2\/media\/67054"}],"wp:attachment":[{"href":"https:\/\/www.actualidadadiario.com\/index.php\/wp-json\/wp\/v2\/media?parent=67053"}],"wp:term":[{"taxonomy":"category","embeddable":true,"href":"https:\/\/www.actualidadadiario.com\/index.php\/wp-json\/wp\/v2\/categories?post=67053"},{"taxonomy":"post_tag","embeddable":true,"href":"https:\/\/www.actualidadadiario.com\/index.php\/wp-json\/wp\/v2\/tags?post=67053"}],"curies":[{"name":"wp","href":"https:\/\/api.w.org\/{rel}","templated":true}]}}