{"id":66668,"date":"2020-09-07T12:33:25","date_gmt":"2020-09-07T15:33:25","guid":{"rendered":"https:\/\/www.actualidadadiario.com\/?p=66668"},"modified":"2020-09-07T12:33:25","modified_gmt":"2020-09-07T15:33:25","slug":"trump-vive-en-una-realidad-diferente-advierte-kamala-harris-sobre-el-racismo-en-eeuu","status":"publish","type":"post","link":"https:\/\/www.actualidadadiario.com\/index.php\/2020\/09\/07\/trump-vive-en-una-realidad-diferente-advierte-kamala-harris-sobre-el-racismo-en-eeuu\/","title":{"rendered":"&#8220;Trump vive en una realidad diferente&#8221;, advierte Kamala Harris sobre el racismo en EEUU"},"content":{"rendered":"<p style=\"text-align: center;\"><em><strong>La candidata dem\u00f3crata a la vicepresidencia calific\u00f3 de &#8220;poco razonable&#8221; negar el racismo sist\u00e9mico en las instituciones del pa\u00eds y pidi\u00f3 acusar penalmente al polic\u00eda que bale\u00f3 a Jacob Blake<\/strong><\/em><\/p>\n<p>&nbsp;<\/p>\n<p>&nbsp;<\/p>\n<p>La candidata a la vicepresidencia de Estados Unidos por el Partido Dem\u00f3crata para las elecciones de noviembre, Kamala Harris, acus\u00f3 el domingo al presidente Donald Trump de vivir en una &#8220;realidad diferente&#8221; debido a su negaci\u00f3n continua al racismo sist\u00e9mico en el pa\u00eds.<\/p>\n<p>Trump y su ministro de Justicia, William Barr, &#8220;pasan todo el tiempo inmersos en una realidad diferente&#8221;, acus\u00f3 Harris, senadora por California (oeste) y mestiza de origen jamaicano e indio, durante una entrevista con la cadena CNN.<\/p>\n<p>&#8220;La realidad de Estados Unidos hoy es lo que vimos durante generaciones y, francamente, desde nuestros inicios, y es que tenemos dos sistemas de justicia en Estados Unidos&#8221;, puntualiz\u00f3.<\/p>\n<p>Kamala Harris habl\u00f3 dos d\u00edas despu\u00e9s de que la Casa Blanca revelara que Trump hab\u00eda ordenado a las agencias federales que dejaran de financiar sesiones de capacitaci\u00f3n contra el racismo porque, en opini\u00f3n del republicano, equivalen a &#8220;propaganda divisoria y antiestadounidense&#8221; y sugieren que Estados Unidos es &#8220;inherentemente racista&#8221;.<\/p>\n<p>&#8220;No creo que la mayor\u00eda de las personas razonables, que est\u00e1n prestando atenci\u00f3n a los hechos, pongan en discusi\u00f3n que existen disparidades raciales y un sistema que se involucr\u00f3 en el racismo en t\u00e9rminos de c\u00f3mo se aplicaron las leyes&#8221;, dijo la compa\u00f1era de f\u00f3rmula de Joe Biden.<\/p>\n<p>Golpeado por su gesti\u00f3n del coronavirus y sin los buenos indicadores econ\u00f3micos de respaldo, Trump decidi\u00f3 basar su campa\u00f1a a la reelecci\u00f3n en el lema &#8220;ley y orden&#8221; para apelar a su base mayoritariamente blanca y obrera en medio de las tensiones raciales por varios casos de brutalidad policial contra negros desarmados.<\/p>\n<p>Las protestas antirracistas en las principales ciudades de Estados Unidos estallaron en mayo despu\u00e9s de que George Floyd fuera asesinado por un polic\u00eda blanco durante un arresto en Minneapolis y volvieron a cobrar fuerza hace dos semanas con el caso de Jacob Blake, quien recibi\u00f3 siete balazos en la espalda frente a sus hijos en Kenosha, Wisconsin.<\/p>\n<p>Al respecto, Kamala Harris sostuvo este domingo que &#8220;hay bases&#8221; para acusar al polic\u00eda que dispar\u00f3 contra Blake, quien qued\u00f3 paral\u00edtico.<\/p>\n<p>&#8220;No tengo todos los hechos, pero sobre lo que vi, hay bases para presentar las acusaciones&#8221;, afirm\u00f3.<\/p>\n<p>El oficial Rusten Sheskey, quien abri\u00f3 fuego, y los otros agentes que participaron del intento de arresto fueron puestos en licencia administrativa en espera del resultado de una investigaci\u00f3n por parte del Departamento de Justicia de Wisconsin. Ninguno de ellos fue acusado.<\/p>\n","protected":false},"excerpt":{"rendered":"<p>La candidata dem\u00f3crata a la vicepresidencia calific\u00f3 de &#8220;poco razonable&#8221; negar el racismo sist\u00e9mico en las instituciones del pa\u00eds y pidi\u00f3 acusar penalmente al polic\u00eda que bale\u00f3 a Jacob Blake &nbsp; &nbsp; La candidata a la vicepresidencia de Estados Unidos por el Partido Dem\u00f3crata para las elecciones de noviembre, Kamala Harris, acus\u00f3 el domingo al presidente Donald Trump de vivir en una &#8220;realidad diferente&#8221; debido a su negaci\u00f3n continua al racismo sist\u00e9mico en el pa\u00eds. Trump y su ministro de Justicia, William Barr, &#8220;pasan todo el tiempo inmersos en una&#8230;<\/p>\n","protected":false},"author":3,"featured_media":66669,"comment_status":"closed","ping_status":"closed","sticky":false,"template":"","format":"standard","meta":[],"categories":[4],"tags":[],"_links":{"self":[{"href":"https:\/\/www.actualidadadiario.com\/index.php\/wp-json\/wp\/v2\/posts\/66668"}],"collection":[{"href":"https:\/\/www.actualidadadiario.com\/index.php\/wp-json\/wp\/v2\/posts"}],"about":[{"href":"https:\/\/www.actualidadadiario.com\/index.php\/wp-json\/wp\/v2\/types\/post"}],"author":[{"embeddable":true,"href":"https:\/\/www.actualidadadiario.com\/index.php\/wp-json\/wp\/v2\/users\/3"}],"replies":[{"embeddable":true,"href":"https:\/\/www.actualidadadiario.com\/index.php\/wp-json\/wp\/v2\/comments?post=66668"}],"version-history":[{"count":1,"href":"https:\/\/www.actualidadadiario.com\/index.php\/wp-json\/wp\/v2\/posts\/66668\/revisions"}],"predecessor-version":[{"id":66670,"href":"https:\/\/www.actualidadadiario.com\/index.php\/wp-json\/wp\/v2\/posts\/66668\/revisions\/66670"}],"wp:featuredmedia":[{"embeddable":true,"href":"https:\/\/www.actualidadadiario.com\/index.php\/wp-json\/wp\/v2\/media\/66669"}],"wp:attachment":[{"href":"https:\/\/www.actualidadadiario.com\/index.php\/wp-json\/wp\/v2\/media?parent=66668"}],"wp:term":[{"taxonomy":"category","embeddable":true,"href":"https:\/\/www.actualidadadiario.com\/index.php\/wp-json\/wp\/v2\/categories?post=66668"},{"taxonomy":"post_tag","embeddable":true,"href":"https:\/\/www.actualidadadiario.com\/index.php\/wp-json\/wp\/v2\/tags?post=66668"}],"curies":[{"name":"wp","href":"https:\/\/api.w.org\/{rel}","templated":true}]}}