{"id":66659,"date":"2020-09-07T12:30:56","date_gmt":"2020-09-07T15:30:56","guid":{"rendered":"https:\/\/www.actualidadadiario.com\/?p=66659"},"modified":"2020-09-07T12:30:56","modified_gmt":"2020-09-07T15:30:56","slug":"economia-trabajara-en-las-proximas-semanas-con-el-12-que-quedo-afuera-del-canje","status":"publish","type":"post","link":"https:\/\/www.actualidadadiario.com\/index.php\/2020\/09\/07\/economia-trabajara-en-las-proximas-semanas-con-el-12-que-quedo-afuera-del-canje\/","title":{"rendered":"Econom\u00eda trabajar\u00e1 en las pr\u00f3ximas semanas con el 1,2% que qued\u00f3 afuera del canje"},"content":{"rendered":"<p style=\"text-align: center;\"><em><strong>El secretario de Finanzas de la Naci\u00f3n destac\u00f3 que &#8220;ya est\u00e1 hecho el grueso de la reestructuraci\u00f3n&#8221; de la deuda p\u00fablica, pero que en las pr\u00f3ximas semanas trabajar\u00e1n con los que no entraron que representa US$ 500 millones<\/strong><\/em><\/p>\n<p>&nbsp;<\/p>\n<p>&nbsp;<\/p>\n<p>El secretario de Finanzas de la Naci\u00f3n, Diego Bastourre, destac\u00f3 que &#8220;ya est\u00e1 hecho el grueso de la reestructuraci\u00f3n&#8221; de la deuda p\u00fablica, y afirm\u00f3 que en las pr\u00f3ximas dos semanas desde el Ministerio de Econom\u00eda trabajar\u00e1n en el 1,2% que qued\u00f3 afuera del canje local, que representa US$ 500 millones.<\/p>\n<p>&#8220;Ya est\u00e1 hecho el grueso de la reestructuraci\u00f3n; el 1,2% restante que qued\u00f3 afuera en la etapa temprana del canje de deuda en d\u00f3lares bajo la legislaci\u00f3n local representa casi US$ 500 millones, que es mucho dinero&#8221;, dijo Bastourre en una entrevista publicada hoy en el diario El Cronista.<\/p>\n<p>Se\u00f1al\u00f3 que &#8220;es muy importante solucionarlo porque puede llevarnos a litigios o a una resoluci\u00f3n muy compleja, con m\u00e1s tr\u00e1mites\u201d, y asegur\u00f3 que en el Palacio de Hacienda estar\u00e1n \u201cmuy activos trabajando en ese universo en las pr\u00f3ximas dos semanas, para ir uno por uno&#8221;.<\/p>\n<p>En cuanto a las posibilidades de ir a juicio, afirm\u00f3 que &#8220;el riesgo es m\u00ednimo&#8221;, y sostuvo que en el Ministerio van \u201ca ser muy efectivos estas dos semanas en barrer ese universo&#8221;, ya que se trata de casos &#8220;de \u00edndole burocr\u00e1tica&#8221;.<\/p>\n<p>Consultado sobre qu\u00e9 se puede esperar en adelante para la Argentina en el mercado externo, dijo que &#8220;se ha simplificado la estructura financiera de la Naci\u00f3n\u201d.<\/p>\n<p>\u201cVamos a tener dos o tres bonos muy grandes que van a ser referencias de precios y rendimiento, con la facilidad de que los t\u00edtulos externos y locales van a ser como un espejo&#8221;, indic\u00f3 el funcionario.<\/p>\n<p>Sostuvo que &#8220;la expectativa del mercado en estos d\u00edas ser\u00e1 ver los niveles en los que se van a comercializar esos bonos\u201d, pero aclar\u00f3 que \u201cno es nuestra preocupaci\u00f3n porque logramos un alivio significativo de la deuda\u201d.<\/p>\n<p>\u201cNo tenemos necesidad concreta de financiamiento en moneda extranjera ni en el mercado local ni en los internacionales&#8221;, afirm\u00f3 Bastourre.<\/p>\n<p>Tambi\u00e9n, remarc\u00f3 que \u201cno hay necesidades financieras grandes\u201d, y precis\u00f3 que \u201cen 2020 no hay pagos y en 2021el pa\u00eds va a abonar US$ 100 millones aproximadamente en concepto de intereses, sin amortizaciones de capital\u201d.<\/p>\n<p>\u201cEn 2022 hay una curva ascendente pero menor de la que heredamos del Gobierno anterior&#8221;, complet\u00f3 el secretario de Finanzas.<\/p>\n<p>Por otra parte, se\u00f1al\u00f3 que, \u201ccon la ca\u00edda de la recaudaci\u00f3n por la pandemia de coronavirus, no qued\u00f3 otro remedio que el financiamiento monetario\u201d.<\/p>\n<p>No obstante, indic\u00f3 que, \u201csi lo miramos din\u00e1micamente, se est\u00e1 reduciendo, y la recaudaci\u00f3n se recupera a buen ritmo&#8221;.<\/p>\n<p>Consultado sobre el cepo cambiario, explic\u00f3 que &#8220;hay un hecho objetivo: las regulaciones cambiarias como las que hered\u00f3 esta administraci\u00f3n en 2019 son dif\u00edciles de remover hasta que se puedan acumular reservas internacionales&#8221;.<\/p>\n<p>&#8220;En el largo plazo, la direcci\u00f3n en la que deber\u00edamos avanzar ser\u00eda la de tener menos restricciones en cuanto se puedan acumular reservas&#8221;, concluy\u00f3 Bastourre.<\/p>\n","protected":false},"excerpt":{"rendered":"<p>El secretario de Finanzas de la Naci\u00f3n destac\u00f3 que &#8220;ya est\u00e1 hecho el grueso de la reestructuraci\u00f3n&#8221; de la deuda p\u00fablica, pero que en las pr\u00f3ximas semanas trabajar\u00e1n con los que no entraron que representa US$ 500 millones &nbsp; &nbsp; El secretario de Finanzas de la Naci\u00f3n, Diego Bastourre, destac\u00f3 que &#8220;ya est\u00e1 hecho el grueso de la reestructuraci\u00f3n&#8221; de la deuda p\u00fablica, y afirm\u00f3 que en las pr\u00f3ximas dos semanas desde el Ministerio de Econom\u00eda trabajar\u00e1n en el 1,2% que qued\u00f3 afuera del canje local, que representa US$ 500&#8230;<\/p>\n","protected":false},"author":3,"featured_media":66660,"comment_status":"closed","ping_status":"closed","sticky":false,"template":"","format":"standard","meta":[],"categories":[18],"tags":[],"_links":{"self":[{"href":"https:\/\/www.actualidadadiario.com\/index.php\/wp-json\/wp\/v2\/posts\/66659"}],"collection":[{"href":"https:\/\/www.actualidadadiario.com\/index.php\/wp-json\/wp\/v2\/posts"}],"about":[{"href":"https:\/\/www.actualidadadiario.com\/index.php\/wp-json\/wp\/v2\/types\/post"}],"author":[{"embeddable":true,"href":"https:\/\/www.actualidadadiario.com\/index.php\/wp-json\/wp\/v2\/users\/3"}],"replies":[{"embeddable":true,"href":"https:\/\/www.actualidadadiario.com\/index.php\/wp-json\/wp\/v2\/comments?post=66659"}],"version-history":[{"count":1,"href":"https:\/\/www.actualidadadiario.com\/index.php\/wp-json\/wp\/v2\/posts\/66659\/revisions"}],"predecessor-version":[{"id":66661,"href":"https:\/\/www.actualidadadiario.com\/index.php\/wp-json\/wp\/v2\/posts\/66659\/revisions\/66661"}],"wp:featuredmedia":[{"embeddable":true,"href":"https:\/\/www.actualidadadiario.com\/index.php\/wp-json\/wp\/v2\/media\/66660"}],"wp:attachment":[{"href":"https:\/\/www.actualidadadiario.com\/index.php\/wp-json\/wp\/v2\/media?parent=66659"}],"wp:term":[{"taxonomy":"category","embeddable":true,"href":"https:\/\/www.actualidadadiario.com\/index.php\/wp-json\/wp\/v2\/categories?post=66659"},{"taxonomy":"post_tag","embeddable":true,"href":"https:\/\/www.actualidadadiario.com\/index.php\/wp-json\/wp\/v2\/tags?post=66659"}],"curies":[{"name":"wp","href":"https:\/\/api.w.org\/{rel}","templated":true}]}}