{"id":66629,"date":"2020-09-07T12:21:30","date_gmt":"2020-09-07T15:21:30","guid":{"rendered":"https:\/\/www.actualidadadiario.com\/?p=66629"},"modified":"2020-09-07T12:21:30","modified_gmt":"2020-09-07T15:21:30","slug":"el-gobierno-postergo-el-censo-nacional-hasta-despues-de-la-pandemia","status":"publish","type":"post","link":"https:\/\/www.actualidadadiario.com\/index.php\/2020\/09\/07\/el-gobierno-postergo-el-censo-nacional-hasta-despues-de-la-pandemia\/","title":{"rendered":"El Gobierno posterg\u00f3 el censo nacional hasta despu\u00e9s de la pandemia"},"content":{"rendered":"<p style=\"text-align: center;\"><em><strong>La nueva fecha se determinar\u00e1 en los 60 d\u00edas posteriores a la finalizaci\u00f3n de la emergencia sanitaria y deber\u00e1 tener en cuenta el calendario de las Elecciones 2021 para &#8220;no entorpecer&#8221; el desarrollo electoral<\/strong><\/em><\/p>\n<p>&nbsp;<\/p>\n<p>&nbsp;<\/p>\n<p>&nbsp;<\/p>\n<p>Por la emergencia sanitaria, el Gobierno posterg\u00f3 el censo nacional de poblaci\u00f3n de hogares y viviendas que estaba previsto para este a\u00f1o. En cambio, el Instituto Nacional de Estad\u00edsticas y Censos (INDEC) contar\u00e1 con &#8220;hasta 60 d\u00edas posteriores a la finalizaci\u00f3n&#8221; de la pandemia para la determinaci\u00f3n de una nueva fecha para el operativo.<\/p>\n<p>As\u00ed lo resolvi\u00f3 hoy por el Decreto 762\/2020, publicado en el Bolet\u00edn Oficial, que indica que la pandemia &#8220;ha afectado el normal desarrollo de las actividades que componen el censo durante el a\u00f1o 2020 -que se realiza cada 10 a\u00f1os, en los a\u00f1os que terminan en cero-, y que la consecuente demora en la que se incurra podr\u00eda modificar el cronograma de actividades llev\u00e1ndolo al a\u00f1o 2021 o al subsiguiente&#8221;.<\/p>\n<p>En ese sentido, la norma advierte, adem\u00e1s, se deber\u00e1 tener en cuenta el &#8220;calendario electoral previsto para la segunda mitad del a\u00f1o 2021, con el fin de no superponer o entorpecer la planificaci\u00f3n y desarrollo del sufragio en el territorio nacional con las actividades censales&#8221;.<\/p>\n<p>El decreto, firmado por el presidente Alberto Fern\u00e1ndez, establece que el Indec &#8220;tendr\u00e1 a su cargo la coordinaci\u00f3n program\u00e1tica y ejecutiva de los organismos nacionales, provinciales y de la Ciudad de Buenos Aires con el fin de asegurar su eficiente colaboraci\u00f3n&#8221;.<\/p>\n<p>Para ello, se crea el Comit\u00e9 Operativo que tendr\u00e1 como &#8220;\u00fanico objeto la coordinaci\u00f3n de las actividades censales, siendo presidido de forma conjunta por el Indec y el Ministerio de Econom\u00eda, e integrado por representantes de la jefatura de Gabinete, las provincias y la ciudad de Buenos Aires.<\/p>\n<p>El decreto recuerda que el 19 de marzo pasado el Gobierno dict\u00f3 el aislamiento social, preventivo y obligatorio en todo el pa\u00eds por la pandemia para tomar las &#8220;medidas sanitarias en el orden nacional, provincial y municipal con el objeto de paliar la propagaci\u00f3n del virus&#8221; y eso debe &#8220;ser considerado a efectos de determinar el cronograma de actividades censales&#8221;.<\/p>\n","protected":false},"excerpt":{"rendered":"<p>La nueva fecha se determinar\u00e1 en los 60 d\u00edas posteriores a la finalizaci\u00f3n de la emergencia sanitaria y deber\u00e1 tener en cuenta el calendario de las Elecciones 2021 para &#8220;no entorpecer&#8221; el desarrollo electoral &nbsp; &nbsp; &nbsp; Por la emergencia sanitaria, el Gobierno posterg\u00f3 el censo nacional de poblaci\u00f3n de hogares y viviendas que estaba previsto para este a\u00f1o. En cambio, el Instituto Nacional de Estad\u00edsticas y Censos (INDEC) contar\u00e1 con &#8220;hasta 60 d\u00edas posteriores a la finalizaci\u00f3n&#8221; de la pandemia para la determinaci\u00f3n de una nueva fecha para el&#8230;<\/p>\n","protected":false},"author":3,"featured_media":50177,"comment_status":"closed","ping_status":"closed","sticky":false,"template":"","format":"standard","meta":[],"categories":[2],"tags":[],"_links":{"self":[{"href":"https:\/\/www.actualidadadiario.com\/index.php\/wp-json\/wp\/v2\/posts\/66629"}],"collection":[{"href":"https:\/\/www.actualidadadiario.com\/index.php\/wp-json\/wp\/v2\/posts"}],"about":[{"href":"https:\/\/www.actualidadadiario.com\/index.php\/wp-json\/wp\/v2\/types\/post"}],"author":[{"embeddable":true,"href":"https:\/\/www.actualidadadiario.com\/index.php\/wp-json\/wp\/v2\/users\/3"}],"replies":[{"embeddable":true,"href":"https:\/\/www.actualidadadiario.com\/index.php\/wp-json\/wp\/v2\/comments?post=66629"}],"version-history":[{"count":1,"href":"https:\/\/www.actualidadadiario.com\/index.php\/wp-json\/wp\/v2\/posts\/66629\/revisions"}],"predecessor-version":[{"id":66630,"href":"https:\/\/www.actualidadadiario.com\/index.php\/wp-json\/wp\/v2\/posts\/66629\/revisions\/66630"}],"wp:featuredmedia":[{"embeddable":true,"href":"https:\/\/www.actualidadadiario.com\/index.php\/wp-json\/wp\/v2\/media\/50177"}],"wp:attachment":[{"href":"https:\/\/www.actualidadadiario.com\/index.php\/wp-json\/wp\/v2\/media?parent=66629"}],"wp:term":[{"taxonomy":"category","embeddable":true,"href":"https:\/\/www.actualidadadiario.com\/index.php\/wp-json\/wp\/v2\/categories?post=66629"},{"taxonomy":"post_tag","embeddable":true,"href":"https:\/\/www.actualidadadiario.com\/index.php\/wp-json\/wp\/v2\/tags?post=66629"}],"curies":[{"name":"wp","href":"https:\/\/api.w.org\/{rel}","templated":true}]}}