{"id":66620,"date":"2020-09-07T12:18:39","date_gmt":"2020-09-07T15:18:39","guid":{"rendered":"https:\/\/www.actualidadadiario.com\/?p=66620"},"modified":"2020-09-07T12:18:39","modified_gmt":"2020-09-07T15:18:39","slug":"entre-rios-sumo-82-casos-en-el-inicio-de-la-semana-se-distribuyen-en-ocho-departamentos","status":"publish","type":"post","link":"https:\/\/www.actualidadadiario.com\/index.php\/2020\/09\/07\/entre-rios-sumo-82-casos-en-el-inicio-de-la-semana-se-distribuyen-en-ocho-departamentos\/","title":{"rendered":"Entre R\u00edos sum\u00f3 82 casos en el inicio de la semana: se distribuyen en ocho departamentos"},"content":{"rendered":"<p style=\"text-align: center;\"><em><strong>Seg\u00fan los datos del el \u00e1rea de Vigilancia Epidemiol\u00f3gica del Ministerio de Salud, este lunes 7 de septiembre se confirmaron 82 nuevos casos de coronavirus en la provincia. Se distribuyen en ocho departamentos<\/strong><\/em><\/p>\n<p>&nbsp;<\/p>\n<ul>\n<li>Paran\u00e1 : 45<\/li>\n<li>Gualeguaych\u00fa : 23<\/li>\n<li>Diamante : 5<\/li>\n<li>Gualeguay : 3<\/li>\n<li>Nogoy\u00e1 : 2<\/li>\n<li>Villaguay : 2<\/li>\n<li>La Paz : 1<\/li>\n<li>San Salvador : 1<\/li>\n<\/ul>\n<p>De ese modo, en la provincia son 4.333 los casos confirmados.<\/p>\n","protected":false},"excerpt":{"rendered":"<p>Seg\u00fan los datos del el \u00e1rea de Vigilancia Epidemiol\u00f3gica del Ministerio de Salud, este lunes 7 de septiembre se confirmaron 82 nuevos casos de coronavirus en la provincia. Se distribuyen en ocho departamentos &nbsp; Paran\u00e1 : 45 Gualeguaych\u00fa : 23 Diamante : 5 Gualeguay : 3 Nogoy\u00e1 : 2 Villaguay : 2 La Paz : 1 San Salvador : 1 De ese modo, en la provincia son 4.333 los casos confirmados.<\/p>\n","protected":false},"author":3,"featured_media":66621,"comment_status":"closed","ping_status":"closed","sticky":false,"template":"","format":"standard","meta":[],"categories":[9,15],"tags":[],"_links":{"self":[{"href":"https:\/\/www.actualidadadiario.com\/index.php\/wp-json\/wp\/v2\/posts\/66620"}],"collection":[{"href":"https:\/\/www.actualidadadiario.com\/index.php\/wp-json\/wp\/v2\/posts"}],"about":[{"href":"https:\/\/www.actualidadadiario.com\/index.php\/wp-json\/wp\/v2\/types\/post"}],"author":[{"embeddable":true,"href":"https:\/\/www.actualidadadiario.com\/index.php\/wp-json\/wp\/v2\/users\/3"}],"replies":[{"embeddable":true,"href":"https:\/\/www.actualidadadiario.com\/index.php\/wp-json\/wp\/v2\/comments?post=66620"}],"version-history":[{"count":1,"href":"https:\/\/www.actualidadadiario.com\/index.php\/wp-json\/wp\/v2\/posts\/66620\/revisions"}],"predecessor-version":[{"id":66622,"href":"https:\/\/www.actualidadadiario.com\/index.php\/wp-json\/wp\/v2\/posts\/66620\/revisions\/66622"}],"wp:featuredmedia":[{"embeddable":true,"href":"https:\/\/www.actualidadadiario.com\/index.php\/wp-json\/wp\/v2\/media\/66621"}],"wp:attachment":[{"href":"https:\/\/www.actualidadadiario.com\/index.php\/wp-json\/wp\/v2\/media?parent=66620"}],"wp:term":[{"taxonomy":"category","embeddable":true,"href":"https:\/\/www.actualidadadiario.com\/index.php\/wp-json\/wp\/v2\/categories?post=66620"},{"taxonomy":"post_tag","embeddable":true,"href":"https:\/\/www.actualidadadiario.com\/index.php\/wp-json\/wp\/v2\/tags?post=66620"}],"curies":[{"name":"wp","href":"https:\/\/api.w.org\/{rel}","templated":true}]}}