{"id":66617,"date":"2020-09-07T12:17:01","date_gmt":"2020-09-07T15:17:01","guid":{"rendered":"https:\/\/www.actualidadadiario.com\/?p=66617"},"modified":"2020-09-07T12:17:01","modified_gmt":"2020-09-07T15:17:01","slug":"estamos-saldando-una-deuda-en-materia-ambiental-que-tiene-la-provincia-afirmo-bordet","status":"publish","type":"post","link":"https:\/\/www.actualidadadiario.com\/index.php\/2020\/09\/07\/estamos-saldando-una-deuda-en-materia-ambiental-que-tiene-la-provincia-afirmo-bordet\/","title":{"rendered":"\u201cEstamos saldando una deuda en materia ambiental que tiene la provincia\u201d, afirm\u00f3 Bordet"},"content":{"rendered":"<p style=\"text-align: center;\"><em><strong>Este lunes se abren los sobres con las ofertas para la construcci\u00f3n del relleno sanitario en Concordia y una planta de separaci\u00f3n y compostaje (destinada al reciclaje de los residuos org\u00e1nicos) que forma parte del plan provincial de gesti\u00f3n de los residuos s\u00f3lidos urbanos, que impulsa el Gobierno provincial para dar soluci\u00f3n a los basurales a cielo abierto<\/strong><\/em><\/p>\n<p>&nbsp;<\/p>\n<p>&nbsp;<\/p>\n<p>\u201cEsta es una obra que vengo impulsando y gestionando desde que era intendente de Concordia, hace muchos a\u00f1os. Que hoy sea una realidad significa saldar una deuda en materia ambiental que ten\u00edamos con los concordienses y tambi\u00e9n con otras ciudades de la provincia\u201d, sostuvo el mandatario entrerriano al celebrar la concreci\u00f3n del relleno sanitario de Concordia y las obras complementarias en las que se invertir\u00e1n m\u00e1s de 235 millones de pesos.<\/p>\n<p>Y agreg\u00f3: \u201cLa compleja situaci\u00f3n de los residuos ha tomado una magnitud tal que exige la definici\u00f3n de una pol\u00edtica de Estado y es un tema que hemos marcado como prioritario dentro de la agenda ambiental provincial\u201d.<\/p>\n<p>La obra del relleno sanitario de Concordia se ejecutar\u00e1 en el predio El Abasto, a trav\u00e9s de un cr\u00e9dito que toma la provincia ante el Banco Interamericano de Desarrollo, que aprob\u00f3 la obra. Particularmente, el relleno de Concordia, Bordet lo viene gestionando e impulsando desde hace varios a\u00f1os, cuando era intendente de la ciudad.<\/p>\n","protected":false},"excerpt":{"rendered":"<p>Este lunes se abren los sobres con las ofertas para la construcci\u00f3n del relleno sanitario en Concordia y una planta de separaci\u00f3n y compostaje (destinada al reciclaje de los residuos org\u00e1nicos) que forma parte del plan provincial de gesti\u00f3n de los residuos s\u00f3lidos urbanos, que impulsa el Gobierno provincial para dar soluci\u00f3n a los basurales a cielo abierto &nbsp; &nbsp; \u201cEsta es una obra que vengo impulsando y gestionando desde que era intendente de Concordia, hace muchos a\u00f1os. Que hoy sea una realidad significa saldar una deuda en materia ambiental&#8230;<\/p>\n","protected":false},"author":3,"featured_media":66618,"comment_status":"closed","ping_status":"closed","sticky":false,"template":"","format":"standard","meta":[],"categories":[15],"tags":[],"_links":{"self":[{"href":"https:\/\/www.actualidadadiario.com\/index.php\/wp-json\/wp\/v2\/posts\/66617"}],"collection":[{"href":"https:\/\/www.actualidadadiario.com\/index.php\/wp-json\/wp\/v2\/posts"}],"about":[{"href":"https:\/\/www.actualidadadiario.com\/index.php\/wp-json\/wp\/v2\/types\/post"}],"author":[{"embeddable":true,"href":"https:\/\/www.actualidadadiario.com\/index.php\/wp-json\/wp\/v2\/users\/3"}],"replies":[{"embeddable":true,"href":"https:\/\/www.actualidadadiario.com\/index.php\/wp-json\/wp\/v2\/comments?post=66617"}],"version-history":[{"count":1,"href":"https:\/\/www.actualidadadiario.com\/index.php\/wp-json\/wp\/v2\/posts\/66617\/revisions"}],"predecessor-version":[{"id":66619,"href":"https:\/\/www.actualidadadiario.com\/index.php\/wp-json\/wp\/v2\/posts\/66617\/revisions\/66619"}],"wp:featuredmedia":[{"embeddable":true,"href":"https:\/\/www.actualidadadiario.com\/index.php\/wp-json\/wp\/v2\/media\/66618"}],"wp:attachment":[{"href":"https:\/\/www.actualidadadiario.com\/index.php\/wp-json\/wp\/v2\/media?parent=66617"}],"wp:term":[{"taxonomy":"category","embeddable":true,"href":"https:\/\/www.actualidadadiario.com\/index.php\/wp-json\/wp\/v2\/categories?post=66617"},{"taxonomy":"post_tag","embeddable":true,"href":"https:\/\/www.actualidadadiario.com\/index.php\/wp-json\/wp\/v2\/tags?post=66617"}],"curies":[{"name":"wp","href":"https:\/\/api.w.org\/{rel}","templated":true}]}}