{"id":66614,"date":"2020-09-07T12:16:17","date_gmt":"2020-09-07T15:16:17","guid":{"rendered":"https:\/\/www.actualidadadiario.com\/?p=66614"},"modified":"2020-09-07T12:16:17","modified_gmt":"2020-09-07T15:16:17","slug":"acuerdo-entre-secretaria-de-trabajo-y-ater-para-fortalecer-el-trabajo-decente","status":"publish","type":"post","link":"https:\/\/www.actualidadadiario.com\/index.php\/2020\/09\/07\/acuerdo-entre-secretaria-de-trabajo-y-ater-para-fortalecer-el-trabajo-decente\/","title":{"rendered":"Acuerdo entre Secretar\u00eda de Trabajo y Ater para fortalecer el trabajo decente"},"content":{"rendered":"<p style=\"text-align: center;\"><em><strong>Desde el lineamiento del trabajo decente, se busca promover pol\u00edticas laborales inclusivas en la Administradora Tributaria de Entre R\u00edos. Es parte de los objetivos que establece el convenio de colaboraci\u00f3n firmado por el secretario de Trabajo, \u00c1ngel Zacar\u00edas, y el titular de Ater, Germ\u00e1n Gran\u00e9<\/strong><\/em><\/p>\n<p>&nbsp;<\/p>\n<p>&nbsp;<\/p>\n<p>Las instituciones oficiales firmaron un convenio para promover el trabajo decente en las reparticiones de ATER, que incluye formaci\u00f3n de preventores para capacitar a directivos, delegados y personal sobre consumo problem\u00e1tico y violencia laboral.<\/p>\n<p>A partir de los preventores, es decir personal de las reparticiones que incorporen formaci\u00f3n profesional sobre los conceptos de trabajo decente, se buscar\u00e1 impulsar los valores relativos a la dignidad del trabajo, sus principios y derechos fundamentales.<\/p>\n<p>Las competencias adquiridas por los preventores, son \u00fatiles para brindar respuestas concretas y eficientes a las diversas problem\u00e1ticas que se pudieren presentar dentro de la instituci\u00f3n, especialmente aquellas que afecten a determinados colectivos.<\/p>\n<p>Al respecto, el coordinador del \u00e1rea laboral, Ariel Villanueva, expreso: \u201capuntamos a trabajar en conjunto con otros organismos para promover los derechos y garantizar que no haya discriminaci\u00f3n ni hostigamiento en las relaciones laborales\u201d<\/p>\n<p>Para la Organizaci\u00f3n Internacional de Trabajo (OIT), el trabajo decente es aquel trabajo productivo que se realiza en condiciones de libertad, equidad, seguridad y dignidad, y donde existe participaci\u00f3n, se respetan los derechos.<\/p>\n","protected":false},"excerpt":{"rendered":"<p>Desde el lineamiento del trabajo decente, se busca promover pol\u00edticas laborales inclusivas en la Administradora Tributaria de Entre R\u00edos. Es parte de los objetivos que establece el convenio de colaboraci\u00f3n firmado por el secretario de Trabajo, \u00c1ngel Zacar\u00edas, y el titular de Ater, Germ\u00e1n Gran\u00e9 &nbsp; &nbsp; Las instituciones oficiales firmaron un convenio para promover el trabajo decente en las reparticiones de ATER, que incluye formaci\u00f3n de preventores para capacitar a directivos, delegados y personal sobre consumo problem\u00e1tico y violencia laboral. A partir de los preventores, es decir personal de&#8230;<\/p>\n","protected":false},"author":3,"featured_media":66615,"comment_status":"closed","ping_status":"closed","sticky":false,"template":"","format":"standard","meta":[],"categories":[15],"tags":[],"_links":{"self":[{"href":"https:\/\/www.actualidadadiario.com\/index.php\/wp-json\/wp\/v2\/posts\/66614"}],"collection":[{"href":"https:\/\/www.actualidadadiario.com\/index.php\/wp-json\/wp\/v2\/posts"}],"about":[{"href":"https:\/\/www.actualidadadiario.com\/index.php\/wp-json\/wp\/v2\/types\/post"}],"author":[{"embeddable":true,"href":"https:\/\/www.actualidadadiario.com\/index.php\/wp-json\/wp\/v2\/users\/3"}],"replies":[{"embeddable":true,"href":"https:\/\/www.actualidadadiario.com\/index.php\/wp-json\/wp\/v2\/comments?post=66614"}],"version-history":[{"count":1,"href":"https:\/\/www.actualidadadiario.com\/index.php\/wp-json\/wp\/v2\/posts\/66614\/revisions"}],"predecessor-version":[{"id":66616,"href":"https:\/\/www.actualidadadiario.com\/index.php\/wp-json\/wp\/v2\/posts\/66614\/revisions\/66616"}],"wp:featuredmedia":[{"embeddable":true,"href":"https:\/\/www.actualidadadiario.com\/index.php\/wp-json\/wp\/v2\/media\/66615"}],"wp:attachment":[{"href":"https:\/\/www.actualidadadiario.com\/index.php\/wp-json\/wp\/v2\/media?parent=66614"}],"wp:term":[{"taxonomy":"category","embeddable":true,"href":"https:\/\/www.actualidadadiario.com\/index.php\/wp-json\/wp\/v2\/categories?post=66614"},{"taxonomy":"post_tag","embeddable":true,"href":"https:\/\/www.actualidadadiario.com\/index.php\/wp-json\/wp\/v2\/tags?post=66614"}],"curies":[{"name":"wp","href":"https:\/\/api.w.org\/{rel}","templated":true}]}}