{"id":66606,"date":"2020-09-04T12:50:55","date_gmt":"2020-09-04T15:50:55","guid":{"rendered":"https:\/\/www.actualidadadiario.com\/?p=66606"},"modified":"2020-09-04T12:50:55","modified_gmt":"2020-09-04T15:50:55","slug":"messi-lanzo-el-esperado-comunicado-que-dice-y-a-quien-le-responde","status":"publish","type":"post","link":"https:\/\/www.actualidadadiario.com\/index.php\/2020\/09\/04\/messi-lanzo-el-esperado-comunicado-que-dice-y-a-quien-le-responde\/","title":{"rendered":"Messi lanz\u00f3 el esperado comunicado: \u00bfqu\u00e9 dice y a qui\u00e9n le responde?"},"content":{"rendered":"<p style=\"text-align: center;\"><em><strong>Esta ma\u00f1ana Jorge Messi, el padre de Lionel, lanz\u00f3 a los medios un comunicado de prensa donde asegura que no vigencia la famosa cl\u00e1usula de 700 millones de euros. As\u00ed, se mantiene firme en su postura a la espera de reacciones<\/strong><\/em><\/p>\n<p>&nbsp;<\/p>\n<p>En horas claves y definitorias para el futuro de Lionel Messi, esta ma\u00f1ana de viernes su padre, Jorge, lanz\u00f3 un comunicado oficial donde le respondi\u00f3 a la Liga Profesional de F\u00fatbol de Espa\u00f1a por el contrato que tiene con Barcelona, mientras se define el futuro del jugador.<\/p>\n<p>Jorge Messi le envi\u00f3 una carta a Javier Tebas, presidente de La Liga, en la que le inform\u00f3 que no sab\u00edan a qu\u00e9 v\u00ednculo legal hac\u00edan referencia para imponer una cl\u00e1usula de salida y que era &#8220;obvio que la indemnizaci\u00f3n de 700 millones de euros no aplica&#8221;.<\/p>\n<p>El hombre que maneja la carrera del futbolista del Barcelona advirti\u00f3 que \u201cdesconocen\u201d el contrato que analiz\u00f3 la Liga para asegurar que no le dar\u00edan la ficha si no pagaban la totalidad de la cl\u00e1usula y asegur\u00f3 que ese \u00edtem ya caduc\u00f3.<\/p>\n<p>\u201cSin perjuicio de otros derechos que se recogen en el contrato y que ustedes omiten, es obvio que la indemnizaci\u00f3n de 700 millones de euros, prevista en la cl\u00e1usula 8.2.3.5, no aplica en absoluto\u201d, se\u00f1al\u00f3 en un comunicado que se envi\u00f3 desde la agencia de representaci\u00f3n del futbolista.<\/p>\n","protected":false},"excerpt":{"rendered":"<p>Esta ma\u00f1ana Jorge Messi, el padre de Lionel, lanz\u00f3 a los medios un comunicado de prensa donde asegura que no vigencia la famosa cl\u00e1usula de 700 millones de euros. As\u00ed, se mantiene firme en su postura a la espera de reacciones &nbsp; En horas claves y definitorias para el futuro de Lionel Messi, esta ma\u00f1ana de viernes su padre, Jorge, lanz\u00f3 un comunicado oficial donde le respondi\u00f3 a la Liga Profesional de F\u00fatbol de Espa\u00f1a por el contrato que tiene con Barcelona, mientras se define el futuro del jugador. Jorge&#8230;<\/p>\n","protected":false},"author":3,"featured_media":66534,"comment_status":"closed","ping_status":"closed","sticky":false,"template":"","format":"standard","meta":[],"categories":[4],"tags":[],"_links":{"self":[{"href":"https:\/\/www.actualidadadiario.com\/index.php\/wp-json\/wp\/v2\/posts\/66606"}],"collection":[{"href":"https:\/\/www.actualidadadiario.com\/index.php\/wp-json\/wp\/v2\/posts"}],"about":[{"href":"https:\/\/www.actualidadadiario.com\/index.php\/wp-json\/wp\/v2\/types\/post"}],"author":[{"embeddable":true,"href":"https:\/\/www.actualidadadiario.com\/index.php\/wp-json\/wp\/v2\/users\/3"}],"replies":[{"embeddable":true,"href":"https:\/\/www.actualidadadiario.com\/index.php\/wp-json\/wp\/v2\/comments?post=66606"}],"version-history":[{"count":1,"href":"https:\/\/www.actualidadadiario.com\/index.php\/wp-json\/wp\/v2\/posts\/66606\/revisions"}],"predecessor-version":[{"id":66607,"href":"https:\/\/www.actualidadadiario.com\/index.php\/wp-json\/wp\/v2\/posts\/66606\/revisions\/66607"}],"wp:featuredmedia":[{"embeddable":true,"href":"https:\/\/www.actualidadadiario.com\/index.php\/wp-json\/wp\/v2\/media\/66534"}],"wp:attachment":[{"href":"https:\/\/www.actualidadadiario.com\/index.php\/wp-json\/wp\/v2\/media?parent=66606"}],"wp:term":[{"taxonomy":"category","embeddable":true,"href":"https:\/\/www.actualidadadiario.com\/index.php\/wp-json\/wp\/v2\/categories?post=66606"},{"taxonomy":"post_tag","embeddable":true,"href":"https:\/\/www.actualidadadiario.com\/index.php\/wp-json\/wp\/v2\/tags?post=66606"}],"curies":[{"name":"wp","href":"https:\/\/api.w.org\/{rel}","templated":true}]}}